{"id":78040,"date":"2026-03-02T02:17:47","date_gmt":"2026-03-02T02:17:47","guid":{"rendered":"https:\/\/lahora.mx\/?p=78040"},"modified":"2026-03-02T02:17:48","modified_gmt":"2026-03-02T02:17:48","slug":"sre-activa-red-de-proteccion-consular-a-mexicanos-en-medio-oriente","status":"publish","type":"post","link":"https:\/\/lahora.mx\/index.php\/2026\/03\/02\/sre-activa-red-de-proteccion-consular-a-mexicanos-en-medio-oriente\/","title":{"rendered":"SRE activa red de protecci\u00f3n consular a mexicanos en Medio Oriente"},"content":{"rendered":"\n<p>La Secretar\u00eda de Relaciones Exteriores (SRE) ofreci\u00f3 atenci\u00f3n consular a los mexicanos que se encuentran en el Medio Oriente, ya que varios pa\u00edses han cerrado su espacio a\u00e9reo.<\/p>\n\n\n\n<p>Por medio de sus redes sociales, la dependencia Federal se\u00f1al\u00f3 con relaci\u00f3n en seguimiento a la situaci\u00f3n actual en Medio Oriente, la Secretar\u00eda de Relaciones Exteriores informa que los gobiernos de Bahr\u00e9in, Emiratos \u00c1rabes Unidos, Ir\u00e1n, Israel, Kuwait, Palestina y Qatar han cerrado sus espacios a\u00e9reos.<br>Las y los mexicanos que deseen salir de la regi\u00f3n deber\u00e1n contactar a sus aerol\u00edneas y, en caso de requerir asistencia o protecci\u00f3n consular, a las representaciones de M\u00e9xico, cuyos n\u00fameros de atenci\u00f3n consular se enlistan a continuaci\u00f3n.<\/p>\n\n\n\n<p>En todos los pa\u00edses de la regi\u00f3n se mantiene la necesidad de resguardo y de evitar traslados innecesarios.<\/p>\n\n\n\n<p>Asimismo, se reitera a las y los connacionales evitar viajar a Israel, Ir\u00e1n, as\u00ed como a Arabia Saudita, Bahr\u00e9in, Emiratos \u00c1rabes Unidos, Irak, Jordania, Kuwait, L\u00edbano, Om\u00e1n y Qatar.<\/p>\n\n\n\n<p>Las embajadas en la regi\u00f3n est\u00e1n en contacto permanente con las y los connacionales residentes y en tr\u00e1nsito.<\/p>\n\n\n\n<p>Tel\u00e9fonos de atenci\u00f3n consular:<\/p>\n\n\n\n<p>Embajada en Ir\u00e1n<\/p>\n\n\n\n<p>+989121224463<\/p>\n\n\n\n<p>Embajada en Israel<\/p>\n\n\n\n<p>054-316-6717<\/p>\n\n\n\n<p>Embajada en Jordania<\/p>\n\n\n\n<p>0778 00 0494<\/p>\n\n\n\n<p>Embajada en Qatar<\/p>\n\n\n\n<p>3363 4450<\/p>\n\n\n\n<p>Embajada en Arabia Saudita<\/p>\n\n\n\n<p>+966557539374<\/p>\n\n\n\n<p>Embajada en Kuwait<\/p>\n\n\n\n<p>+965 9401 6333<\/p>\n\n\n\n<p>Embajada en EAU<\/p>\n\n\n\n<p>504 54 0273<\/p>\n\n\n\n<p>Embajada en L\u00edbano<\/p>\n\n\n\n<p>03 044 598<\/p>\n\n\n\n<p>Oficina de Representaci\u00f3n en Palestina<\/p>\n\n\n\n<p>+972 54 447 0095<\/p>\n","protected":false},"excerpt":{"rendered":"<p>La Secretar\u00eda de Relaciones Exteriores (SRE) ofreci\u00f3 atenci\u00f3n consular a los mexicanos que se encuentran en el Medio Oriente, ya que varios pa\u00edses han cerrado su espacio a\u00e9reo. Por medio de sus redes sociales, la dependencia Federal se\u00f1al\u00f3 con relaci\u00f3n en seguimiento a la situaci\u00f3n actual en Medio Oriente, la Secretar\u00eda de Relaciones Exteriores informa [&hellip;]<\/p>\n","protected":false},"author":1,"featured_media":78041,"comment_status":"open","ping_status":"open","sticky":false,"template":"","format":"standard","meta":{"om_disable_all_campaigns":false,"_monsterinsights_skip_tracking":false,"_monsterinsights_sitenote_active":false,"_monsterinsights_sitenote_note":"","_monsterinsights_sitenote_category":0,"footnotes":""},"categories":[183],"tags":[],"class_list":["post-78040","post","type-post","status-publish","format-standard","has-post-thumbnail","hentry","category-internacional"],"amp_enabled":true,"_links":{"self":[{"href":"https:\/\/lahora.mx\/index.php\/wp-json\/wp\/v2\/posts\/78040","targetHints":{"allow":["GET"]}}],"collection":[{"href":"https:\/\/lahora.mx\/index.php\/wp-json\/wp\/v2\/posts"}],"about":[{"href":"https:\/\/lahora.mx\/index.php\/wp-json\/wp\/v2\/types\/post"}],"author":[{"embeddable":true,"href":"https:\/\/lahora.mx\/index.php\/wp-json\/wp\/v2\/users\/1"}],"replies":[{"embeddable":true,"href":"https:\/\/lahora.mx\/index.php\/wp-json\/wp\/v2\/comments?post=78040"}],"version-history":[{"count":1,"href":"https:\/\/lahora.mx\/index.php\/wp-json\/wp\/v2\/posts\/78040\/revisions"}],"predecessor-version":[{"id":78042,"href":"https:\/\/lahora.mx\/index.php\/wp-json\/wp\/v2\/posts\/78040\/revisions\/78042"}],"wp:featuredmedia":[{"embeddable":true,"href":"https:\/\/lahora.mx\/index.php\/wp-json\/wp\/v2\/media\/78041"}],"wp:attachment":[{"href":"https:\/\/lahora.mx\/index.php\/wp-json\/wp\/v2\/media?parent=78040"}],"wp:term":[{"taxonomy":"category","embeddable":true,"href":"https:\/\/lahora.mx\/index.php\/wp-json\/wp\/v2\/categories?post=78040"},{"taxonomy":"post_tag","embeddable":true,"href":"https:\/\/lahora.mx\/index.php\/wp-json\/wp\/v2\/tags?post=78040"}],"curies":[{"name":"wp","href":"https:\/\/api.w.org\/{rel}","templated":true}]}}