{"id":77973,"date":"2026-02-27T22:40:46","date_gmt":"2026-02-27T22:40:46","guid":{"rendered":"https:\/\/lahora.mx\/?p=77973"},"modified":"2026-02-27T22:40:47","modified_gmt":"2026-02-27T22:40:47","slug":"donald-trump-plantea-un-control-amistoso-de-cuba-en-medio-de-tensiones-energeticas","status":"publish","type":"post","link":"https:\/\/lahora.mx\/index.php\/2026\/02\/27\/donald-trump-plantea-un-control-amistoso-de-cuba-en-medio-de-tensiones-energeticas\/","title":{"rendered":"Donald Trump plantea un control amistoso de Cuba en medio de tensiones energ\u00e9ticas"},"content":{"rendered":"\n<p>El presidente Donald Trump asegur\u00f3 que su gobierno podr\u00eda optar por una \u201ctoma de control amistosa\u201d de Cuba , en medio de las tensiones con La Habana por el bloqueo energ\u00e9tico aplicado por Washington . Ante la prensa en la Casa Blanca y antes de viajar a Texas para un mitin, el mandatario afirm\u00f3 que en este momento la isla \u201cno tiene nada\u201d y que, tras \u201cmuchos, muchos a\u00f1os\u201d, el di\u00e1logo podr\u00eda derivar en ese escenario.<\/p>\n\n\n\n<p>En sus declaraciones, Trump sostuvo que Cuba atraviesa \u201cserios problemas\u201d y plante\u00f3 que Estados Unidos podr\u00eda hacer algo \u201cmuy positivo\u201d tanto para los cubanos en el exilio como para quienes a\u00fan viven en el pa\u00eds. Tambi\u00e9n dijo que el secretario de Estado, Marco Rubio , est\u00e1 \u201c gestionando \u201d el tema y afirm\u00f3 que existen conversaciones en curso.<br>El planteamiento se dio en un contexto de fricci\u00f3n bilateral por el bloqueo de crudo hacia la isla y d\u00edas despu\u00e9s de un operativo en el que autoridades cubanas actuaron contra una lancha procedente de Florida que, seg\u00fan se report\u00f3, habr\u00eda violado aguas territoriales ; en ese episodio se abri\u00f3 fuego y murieron cuatro tripulantes . En el informe se indic\u00f3 que al menos uno de los fallecidos y uno de los seis heridos eran ciudadanos estadunidenses , mientras que el resto podr\u00edan ser residentes legales permanentes .<\/p>\n\n\n\n<p>De acuerdo con la informaci\u00f3n, en enero , tras un operativo en Venezuela en el que fue capturado el presidente Nicol\u00e1s Maduro , aliado de La Habana, Cuba perdi\u00f3 acceso al petr\u00f3leo venezolano . En ese marco, Trump orden\u00f3 la imposici\u00f3n de aranceles a los pa\u00edses que suministren crudo a la isla, lo que, seg\u00fan se se\u00f1al\u00f3, agrav\u00f3 la crisis econ\u00f3mica y social que enfrenta el pa\u00eds.<\/p>\n\n\n\n<p>No obstante, se inform\u00f3 que el pasado mi\u00e9rcoles el gobierno de Estados Unidos relaj\u00f3 el bloqueo petrolero y autoriz\u00f3 la reexportaci\u00f3n de crudo venezolano hacia Cuba , con restricciones ya a trav\u00e9s del sector privado .<\/p>\n","protected":false},"excerpt":{"rendered":"<p>El presidente Donald Trump asegur\u00f3 que su gobierno podr\u00eda optar por una \u201ctoma de control amistosa\u201d de Cuba , en medio de las tensiones con La Habana por el bloqueo energ\u00e9tico aplicado por Washington . Ante la prensa en la Casa Blanca y antes de viajar a Texas para un mitin, el mandatario afirm\u00f3 que [&hellip;]<\/p>\n","protected":false},"author":1,"featured_media":77974,"comment_status":"open","ping_status":"open","sticky":false,"template":"","format":"standard","meta":{"om_disable_all_campaigns":false,"_monsterinsights_skip_tracking":false,"_monsterinsights_sitenote_active":false,"_monsterinsights_sitenote_note":"","_monsterinsights_sitenote_category":0,"footnotes":""},"categories":[183],"tags":[],"class_list":["post-77973","post","type-post","status-publish","format-standard","has-post-thumbnail","hentry","category-internacional"],"amp_enabled":true,"_links":{"self":[{"href":"https:\/\/lahora.mx\/index.php\/wp-json\/wp\/v2\/posts\/77973","targetHints":{"allow":["GET"]}}],"collection":[{"href":"https:\/\/lahora.mx\/index.php\/wp-json\/wp\/v2\/posts"}],"about":[{"href":"https:\/\/lahora.mx\/index.php\/wp-json\/wp\/v2\/types\/post"}],"author":[{"embeddable":true,"href":"https:\/\/lahora.mx\/index.php\/wp-json\/wp\/v2\/users\/1"}],"replies":[{"embeddable":true,"href":"https:\/\/lahora.mx\/index.php\/wp-json\/wp\/v2\/comments?post=77973"}],"version-history":[{"count":1,"href":"https:\/\/lahora.mx\/index.php\/wp-json\/wp\/v2\/posts\/77973\/revisions"}],"predecessor-version":[{"id":77975,"href":"https:\/\/lahora.mx\/index.php\/wp-json\/wp\/v2\/posts\/77973\/revisions\/77975"}],"wp:featuredmedia":[{"embeddable":true,"href":"https:\/\/lahora.mx\/index.php\/wp-json\/wp\/v2\/media\/77974"}],"wp:attachment":[{"href":"https:\/\/lahora.mx\/index.php\/wp-json\/wp\/v2\/media?parent=77973"}],"wp:term":[{"taxonomy":"category","embeddable":true,"href":"https:\/\/lahora.mx\/index.php\/wp-json\/wp\/v2\/categories?post=77973"},{"taxonomy":"post_tag","embeddable":true,"href":"https:\/\/lahora.mx\/index.php\/wp-json\/wp\/v2\/tags?post=77973"}],"curies":[{"name":"wp","href":"https:\/\/api.w.org\/{rel}","templated":true}]}}