{"id":77861,"date":"2026-02-26T19:50:43","date_gmt":"2026-02-26T19:50:43","guid":{"rendered":"https:\/\/lahora.mx\/?p=77861"},"modified":"2026-02-26T19:50:44","modified_gmt":"2026-02-26T19:50:44","slug":"la-onu-se-pronuncia-por-muerte-de-ninas-haitianas-en-dif-de-oaxaca","status":"publish","type":"post","link":"https:\/\/lahora.mx\/index.php\/2026\/02\/26\/la-onu-se-pronuncia-por-muerte-de-ninas-haitianas-en-dif-de-oaxaca\/","title":{"rendered":"La ONU se pronuncia por muerte de ni\u00f1as haitianas en DIF de Oaxaca"},"content":{"rendered":"\n<p>Tres agencias de las Naciones Unidas dedicadas a la observaci\u00f3n y protecci\u00f3n de los derechos de ni\u00f1as, ni\u00f1os y migrantes se pronunciaron esta ma\u00f1ana por la muerte de dos ni\u00f1as oriundas de Hait\u00ed, en un albergue de del DIF de Oaxaca.<\/p>\n\n\n\n<p>La Agencia de la ONU para los Refugiados (ACNUR), el Fondo de las Naciones Unidas para la Infancia (UNICEF) y la Organizaci\u00f3n Internacional para las Migraciones (OIM) emitieron un mismo comunicado para lamentar la muerte de dos ni\u00f1as haitianas en el albergue Casa Hogar Patos a cargo del DIF el 24 de febrero.<\/p>\n\n\n\n<p>Las agencias tambi\u00e9n se solidarizaron con el hecho y ofrecieron apoyo t\u00e9cnico para reforzar la supervisi\u00f3n de la residencia infantil; aseguraron sus respaldo y preocupaci\u00f3n por la dignidad y seguridad de personas migrantes y refugiadas.<\/p>\n\n\n\n<p><\/p>\n\n\n\n<p>Presi\u00f3n en Oaxaca ante muerte de ni\u00f1as de Hait\u00ed<br>El gobernador del estado de Oaxaca, Salom\u00f3n Jara Cruz, lament\u00f3 la muerte de las dos ni\u00f1as oriundas de Hait\u00ed y comparti\u00f3 sus condolencias a la madre de las menores a trav\u00e9s de su cuenta en X.<\/p>\n\n\n\n<p>Tambi\u00e9n expres\u00f3 su compromiso por llegar al fondo del caso e indic\u00f3 que la Fiscal\u00eda de Oaxaca ya realiza las diligencias pertinentes. Tambi\u00e9n se\u00f1al\u00f3 que la madre de las ni\u00f1as haitianas recibir\u00e1 apoyo y asistencia institucional.<\/p>\n\n\n\n<p>Organizaciones civiles y de Derechos Humanos tambi\u00e9n se pronunciaron por la muerte: Consorcio Oaxaca responsabiliz\u00f3 al DIF y pidi\u00f3 no reducir la situaci\u00f3n a un caso aislado.<\/p>\n\n\n\n<p>El Instituto para las Mujeres en la Migraci\u00f3n (IMUMI) tambi\u00e9n expres\u00f3 su indignaci\u00f3n por el deceso de las ni\u00f1as haitianas y se\u00f1alo que el caso no fue un accidente, sino negligencia institucional.<\/p>\n\n\n\n<p>El mi\u00e9rcoles 25 de febrero, tras las primeras pesquisas, fueron arrestadas tres personas relacionadas al DIF de Oaxaca. Adem\u00e1s, la titular del \u00f3rgano en Oaxaca, Maribel Salinas Velasco, fue separada de su cargo.<\/p>\n","protected":false},"excerpt":{"rendered":"<p>Tres agencias de las Naciones Unidas dedicadas a la observaci\u00f3n y protecci\u00f3n de los derechos de ni\u00f1as, ni\u00f1os y migrantes se pronunciaron esta ma\u00f1ana por la muerte de dos ni\u00f1as oriundas de Hait\u00ed, en un albergue de del DIF de Oaxaca. La Agencia de la ONU para los Refugiados (ACNUR), el Fondo de las Naciones [&hellip;]<\/p>\n","protected":false},"author":1,"featured_media":77862,"comment_status":"open","ping_status":"open","sticky":false,"template":"","format":"standard","meta":{"om_disable_all_campaigns":false,"_monsterinsights_skip_tracking":false,"_monsterinsights_sitenote_active":false,"_monsterinsights_sitenote_note":"","_monsterinsights_sitenote_category":0,"footnotes":""},"categories":[183],"tags":[],"class_list":["post-77861","post","type-post","status-publish","format-standard","has-post-thumbnail","hentry","category-internacional"],"amp_enabled":true,"_links":{"self":[{"href":"https:\/\/lahora.mx\/index.php\/wp-json\/wp\/v2\/posts\/77861","targetHints":{"allow":["GET"]}}],"collection":[{"href":"https:\/\/lahora.mx\/index.php\/wp-json\/wp\/v2\/posts"}],"about":[{"href":"https:\/\/lahora.mx\/index.php\/wp-json\/wp\/v2\/types\/post"}],"author":[{"embeddable":true,"href":"https:\/\/lahora.mx\/index.php\/wp-json\/wp\/v2\/users\/1"}],"replies":[{"embeddable":true,"href":"https:\/\/lahora.mx\/index.php\/wp-json\/wp\/v2\/comments?post=77861"}],"version-history":[{"count":1,"href":"https:\/\/lahora.mx\/index.php\/wp-json\/wp\/v2\/posts\/77861\/revisions"}],"predecessor-version":[{"id":77863,"href":"https:\/\/lahora.mx\/index.php\/wp-json\/wp\/v2\/posts\/77861\/revisions\/77863"}],"wp:featuredmedia":[{"embeddable":true,"href":"https:\/\/lahora.mx\/index.php\/wp-json\/wp\/v2\/media\/77862"}],"wp:attachment":[{"href":"https:\/\/lahora.mx\/index.php\/wp-json\/wp\/v2\/media?parent=77861"}],"wp:term":[{"taxonomy":"category","embeddable":true,"href":"https:\/\/lahora.mx\/index.php\/wp-json\/wp\/v2\/categories?post=77861"},{"taxonomy":"post_tag","embeddable":true,"href":"https:\/\/lahora.mx\/index.php\/wp-json\/wp\/v2\/tags?post=77861"}],"curies":[{"name":"wp","href":"https:\/\/api.w.org\/{rel}","templated":true}]}}