{"id":77849,"date":"2026-02-26T19:12:14","date_gmt":"2026-02-26T19:12:14","guid":{"rendered":"https:\/\/lahora.mx\/?p=77849"},"modified":"2026-02-26T19:12:15","modified_gmt":"2026-02-26T19:12:15","slug":"cuba-responde-a-agresion-de-una-lancha-con-matricula-gringa-en-su-territorio-maritimo","status":"publish","type":"post","link":"https:\/\/lahora.mx\/index.php\/2026\/02\/26\/cuba-responde-a-agresion-de-una-lancha-con-matricula-gringa-en-su-territorio-maritimo\/","title":{"rendered":"Cuba responde a agresi\u00f3n de una lancha con matr\u00edcula gringa en su territorio mar\u00edtimo"},"content":{"rendered":"\n<p>El Ministerio del Interior de Cuba inform\u00f3 este mi\u00e9rcoles que respondi\u00f3 a la agresi\u00f3n de varios ocupantes de una lancha r\u00e1pida en sus aguas territoriales.<\/p>\n\n\n\n<p>De acuerdo con la entidad, el hecho ocurri\u00f3 en horas de la ma\u00f1ana, cuando fue detectada una lancha r\u00e1pida \u00abinfractora\u00bb dentro de las aguas territoriales cubanas con matr\u00edcula de la Florida, EEUU, con folio FL7726SH.<\/p>\n\n\n\n<p>La embarcaci\u00f3n se aproxim\u00f3 a una milla n\u00e1utica al noreste del canalizo El Pino, en cayo Falcones, municipio Corralillo, provincia Villa Clara.<\/p>\n\n\n\n<p>\u00abAl aproximarse una unidad de superficie de las Tropas Guardafronteras del Ministerio del Interior, con 5 combatientes, para su identificaci\u00f3n, desde la lancha infractora se abri\u00f3 fuego contra los efectivos cubanos que provocaron que el comandante de la embarcaci\u00f3n cubana, resultara lesionado\u00bb, dice el comunicado.<\/p>\n\n\n\n<p>Esto desencaden\u00f3 un enfrentamiento, en el que \u00abcuatro agresores resultaron abatidos y seis lesionados\u00bb, quienes fueron evacuados y recibieron asistencia m\u00e9dica.<\/p>\n\n\n\n<p>El Ministerio del Interior indic\u00f3 que ahora prosiguen las investigaciones por parte de las autoridades competentes \u00abpara el total esclarecimiento de los hechos\u00bb.<\/p>\n\n\n\n<p>\u00abAnte los actuales desaf\u00edos, Cuba ratifica su voluntad de proteger las aguas territoriales, teniendo como base que la defensa nacional es un pilar fundamental para el Estado cubano a favor de la protecci\u00f3n de su soberan\u00eda y la estabilidad en la regi\u00f3n\u00bb, dice el comunicado.<\/p>\n","protected":false},"excerpt":{"rendered":"<p>El Ministerio del Interior de Cuba inform\u00f3 este mi\u00e9rcoles que respondi\u00f3 a la agresi\u00f3n de varios ocupantes de una lancha r\u00e1pida en sus aguas territoriales. De acuerdo con la entidad, el hecho ocurri\u00f3 en horas de la ma\u00f1ana, cuando fue detectada una lancha r\u00e1pida \u00abinfractora\u00bb dentro de las aguas territoriales cubanas con matr\u00edcula de la [&hellip;]<\/p>\n","protected":false},"author":1,"featured_media":77850,"comment_status":"open","ping_status":"open","sticky":false,"template":"","format":"standard","meta":{"om_disable_all_campaigns":false,"_monsterinsights_skip_tracking":false,"_monsterinsights_sitenote_active":false,"_monsterinsights_sitenote_note":"","_monsterinsights_sitenote_category":0,"footnotes":""},"categories":[183],"tags":[],"class_list":["post-77849","post","type-post","status-publish","format-standard","has-post-thumbnail","hentry","category-internacional"],"amp_enabled":true,"_links":{"self":[{"href":"https:\/\/lahora.mx\/index.php\/wp-json\/wp\/v2\/posts\/77849","targetHints":{"allow":["GET"]}}],"collection":[{"href":"https:\/\/lahora.mx\/index.php\/wp-json\/wp\/v2\/posts"}],"about":[{"href":"https:\/\/lahora.mx\/index.php\/wp-json\/wp\/v2\/types\/post"}],"author":[{"embeddable":true,"href":"https:\/\/lahora.mx\/index.php\/wp-json\/wp\/v2\/users\/1"}],"replies":[{"embeddable":true,"href":"https:\/\/lahora.mx\/index.php\/wp-json\/wp\/v2\/comments?post=77849"}],"version-history":[{"count":1,"href":"https:\/\/lahora.mx\/index.php\/wp-json\/wp\/v2\/posts\/77849\/revisions"}],"predecessor-version":[{"id":77851,"href":"https:\/\/lahora.mx\/index.php\/wp-json\/wp\/v2\/posts\/77849\/revisions\/77851"}],"wp:featuredmedia":[{"embeddable":true,"href":"https:\/\/lahora.mx\/index.php\/wp-json\/wp\/v2\/media\/77850"}],"wp:attachment":[{"href":"https:\/\/lahora.mx\/index.php\/wp-json\/wp\/v2\/media?parent=77849"}],"wp:term":[{"taxonomy":"category","embeddable":true,"href":"https:\/\/lahora.mx\/index.php\/wp-json\/wp\/v2\/categories?post=77849"},{"taxonomy":"post_tag","embeddable":true,"href":"https:\/\/lahora.mx\/index.php\/wp-json\/wp\/v2\/tags?post=77849"}],"curies":[{"name":"wp","href":"https:\/\/api.w.org\/{rel}","templated":true}]}}