{"id":77783,"date":"2026-02-25T23:54:11","date_gmt":"2026-02-25T23:54:11","guid":{"rendered":"https:\/\/lahora.mx\/?p=77783"},"modified":"2026-02-25T23:54:12","modified_gmt":"2026-02-25T23:54:12","slug":"canada-enviara-5-8-mdd-en-ayuda-humanitaria-a-cuba-ante-crisis-energetica","status":"publish","type":"post","link":"https:\/\/lahora.mx\/index.php\/2026\/02\/25\/canada-enviara-5-8-mdd-en-ayuda-humanitaria-a-cuba-ante-crisis-energetica\/","title":{"rendered":"Canad\u00e1 enviar\u00e1 5.8 mdd en ayuda humanitaria a Cuba ante crisis energ\u00e9tica"},"content":{"rendered":"\n<p>l Gobierno de Canad\u00e1 anunci\u00f3 que enviar\u00e1 aproximadamente 5.8 millones de d\u00f3lares estadounidenses en ayuda humanitaria a Cuba, en medio de la crisis energ\u00e9tica y alimentaria que afecta a la isla. Los recursos ser\u00e1n canalizados a trav\u00e9s del Programa Mundial de Alimentos de la ONU y el Fondo de las Naciones Unidas para la Infancia (Unicef), con el objetivo de que la asistencia llegue directamente a la poblaci\u00f3n m\u00e1s afectada.<\/p>\n\n\n\n<p>La ministra de Relaciones Exteriores de Canad\u00e1, Anita Anand, indic\u00f3 que la decisi\u00f3n forma parte de la pol\u00edtica exterior canadiense centrada en la situaci\u00f3n humanitaria, independientemente de factores diplom\u00e1ticos o pol\u00edticos. \u201cMientras la poblaci\u00f3n cubana enfrenta importantes dificultades, Ottawa se mantiene solidaria mediante asistencia focalizada para cubrir necesidades urgentes\u201d, asegur\u00f3 la funcionaria.<br>El env\u00edo de recursos se produce en un contexto marcado por una crisis energ\u00e9tica profunda en Cuba, derivada de la interrupci\u00f3n del suministro de petr\u00f3leo y otros factores externos, que han afectado la producci\u00f3n de electricidad y los servicios b\u00e1sicos. La escasez de combustible, combinada con la inflaci\u00f3n y limitaciones en la importaci\u00f3n de alimentos, ha generado un panorama cr\u00edtico para la poblaci\u00f3n, especialmente los sectores m\u00e1s vulnerables.<\/p>\n\n\n\n<p>La ayuda canadiense se enfocar\u00e1 principalmente en fortalecer el acceso a alimentos y mejorar la nutrici\u00f3n de la poblaci\u00f3n m\u00e1s afectada. Seg\u00fan el comunicado oficial, los fondos ser\u00e1n canalizados a trav\u00e9s de socios considerados \u201cde confianza\u201d, con la intenci\u00f3n de garantizar una distribuci\u00f3n eficiente y directa, evitando intermediarios vinculados al gobierno cubano.<\/p>\n\n\n\n<p>Asimismo, Canad\u00e1 afirm\u00f3 que continuar\u00e1 coordinando con aliados y organismos internacionales para monitorear la evoluci\u00f3n de la crisis y determinar posibles acciones futuras. Este enfoque busca asegurar que la asistencia se ajuste a las necesidades reales de la poblaci\u00f3n y contribuya a mitigar los efectos m\u00e1s graves de la emergencia humanitaria.<\/p>\n","protected":false},"excerpt":{"rendered":"<p>l Gobierno de Canad\u00e1 anunci\u00f3 que enviar\u00e1 aproximadamente 5.8 millones de d\u00f3lares estadounidenses en ayuda humanitaria a Cuba, en medio de la crisis energ\u00e9tica y alimentaria que afecta a la isla. Los recursos ser\u00e1n canalizados a trav\u00e9s del Programa Mundial de Alimentos de la ONU y el Fondo de las Naciones Unidas para la Infancia [&hellip;]<\/p>\n","protected":false},"author":1,"featured_media":77784,"comment_status":"open","ping_status":"open","sticky":false,"template":"","format":"standard","meta":{"om_disable_all_campaigns":false,"_monsterinsights_skip_tracking":false,"_monsterinsights_sitenote_active":false,"_monsterinsights_sitenote_note":"","_monsterinsights_sitenote_category":0,"footnotes":""},"categories":[183],"tags":[],"class_list":["post-77783","post","type-post","status-publish","format-standard","has-post-thumbnail","hentry","category-internacional"],"amp_enabled":true,"_links":{"self":[{"href":"https:\/\/lahora.mx\/index.php\/wp-json\/wp\/v2\/posts\/77783","targetHints":{"allow":["GET"]}}],"collection":[{"href":"https:\/\/lahora.mx\/index.php\/wp-json\/wp\/v2\/posts"}],"about":[{"href":"https:\/\/lahora.mx\/index.php\/wp-json\/wp\/v2\/types\/post"}],"author":[{"embeddable":true,"href":"https:\/\/lahora.mx\/index.php\/wp-json\/wp\/v2\/users\/1"}],"replies":[{"embeddable":true,"href":"https:\/\/lahora.mx\/index.php\/wp-json\/wp\/v2\/comments?post=77783"}],"version-history":[{"count":1,"href":"https:\/\/lahora.mx\/index.php\/wp-json\/wp\/v2\/posts\/77783\/revisions"}],"predecessor-version":[{"id":77785,"href":"https:\/\/lahora.mx\/index.php\/wp-json\/wp\/v2\/posts\/77783\/revisions\/77785"}],"wp:featuredmedia":[{"embeddable":true,"href":"https:\/\/lahora.mx\/index.php\/wp-json\/wp\/v2\/media\/77784"}],"wp:attachment":[{"href":"https:\/\/lahora.mx\/index.php\/wp-json\/wp\/v2\/media?parent=77783"}],"wp:term":[{"taxonomy":"category","embeddable":true,"href":"https:\/\/lahora.mx\/index.php\/wp-json\/wp\/v2\/categories?post=77783"},{"taxonomy":"post_tag","embeddable":true,"href":"https:\/\/lahora.mx\/index.php\/wp-json\/wp\/v2\/tags?post=77783"}],"curies":[{"name":"wp","href":"https:\/\/api.w.org\/{rel}","templated":true}]}}