{"id":77756,"date":"2026-02-25T19:44:08","date_gmt":"2026-02-25T19:44:08","guid":{"rendered":"https:\/\/lahora.mx\/?p=77756"},"modified":"2026-02-25T19:44:08","modified_gmt":"2026-02-25T19:44:08","slug":"vaticano-confirma-la-primera-gira-del-ano-del-papa-leon-xiv","status":"publish","type":"post","link":"https:\/\/lahora.mx\/index.php\/2026\/02\/25\/vaticano-confirma-la-primera-gira-del-ano-del-papa-leon-xiv\/","title":{"rendered":"Vaticano confirma la primera gira del a\u00f1o del Papa Le\u00f3n XIV"},"content":{"rendered":"\n<p>Este mi\u00e9rcoles el Vaticano confirm\u00f3 que en 2026 el Papa Le\u00f3n realizar\u00e1 una gira por cuatro pa\u00edses de \u00c1frica entre el 13 y el 23 de abril.<\/p>\n\n\n\n<p>Se trata de un continente donde la Iglesia cat\u00f3lica experimenta un crecimiento acelerado y que, seg\u00fan las autoridades eclesi\u00e1sticas, representa una prioridad en la agenda del pont\u00edfice.<br>Antes de la gira, el Pont\u00edfice realizar\u00e1 una visita de un d\u00eda a M\u00f3naco el 28 de marzo, y posteriormente viajar\u00e1 a Espa\u00f1a del 6 al 12 de junio.<\/p>\n\n\n\n<p>En el recorrido por \u00c1frica visitar\u00e1 Argelia, Angola, Guinea Ecuatorial y Camer\u00fan. Se tiene previsto que atraiga a grandes multitudes y que se sus mensajes est\u00e9n centrados en destacar los esfuerzos de di\u00e1logo entre cat\u00f3licos y musulmanes.<\/p>\n\n\n\n<p>El anuncio del Vaticano no detall\u00f3 los programas completos de cada visita, pero subray\u00f3 que la gira africana es una se\u00f1al clara de la importancia que la Iglesia otorga al continente. Seg\u00fan estad\u00edsticas oficiales, alrededor del 20% de los cat\u00f3licos del mundo viven en \u00c1frica, lo que convierte a la regi\u00f3n en un eje central para el futuro de la instituci\u00f3n.<br><\/p>\n","protected":false},"excerpt":{"rendered":"<p>Este mi\u00e9rcoles el Vaticano confirm\u00f3 que en 2026 el Papa Le\u00f3n realizar\u00e1 una gira por cuatro pa\u00edses de \u00c1frica entre el 13 y el 23 de abril. Se trata de un continente donde la Iglesia cat\u00f3lica experimenta un crecimiento acelerado y que, seg\u00fan las autoridades eclesi\u00e1sticas, representa una prioridad en la agenda del pont\u00edfice.Antes de [&hellip;]<\/p>\n","protected":false},"author":1,"featured_media":77757,"comment_status":"open","ping_status":"open","sticky":false,"template":"","format":"standard","meta":{"om_disable_all_campaigns":false,"_monsterinsights_skip_tracking":false,"_monsterinsights_sitenote_active":false,"_monsterinsights_sitenote_note":"","_monsterinsights_sitenote_category":0,"footnotes":""},"categories":[183],"tags":[],"class_list":["post-77756","post","type-post","status-publish","format-standard","has-post-thumbnail","hentry","category-internacional"],"amp_enabled":true,"_links":{"self":[{"href":"https:\/\/lahora.mx\/index.php\/wp-json\/wp\/v2\/posts\/77756","targetHints":{"allow":["GET"]}}],"collection":[{"href":"https:\/\/lahora.mx\/index.php\/wp-json\/wp\/v2\/posts"}],"about":[{"href":"https:\/\/lahora.mx\/index.php\/wp-json\/wp\/v2\/types\/post"}],"author":[{"embeddable":true,"href":"https:\/\/lahora.mx\/index.php\/wp-json\/wp\/v2\/users\/1"}],"replies":[{"embeddable":true,"href":"https:\/\/lahora.mx\/index.php\/wp-json\/wp\/v2\/comments?post=77756"}],"version-history":[{"count":1,"href":"https:\/\/lahora.mx\/index.php\/wp-json\/wp\/v2\/posts\/77756\/revisions"}],"predecessor-version":[{"id":77758,"href":"https:\/\/lahora.mx\/index.php\/wp-json\/wp\/v2\/posts\/77756\/revisions\/77758"}],"wp:featuredmedia":[{"embeddable":true,"href":"https:\/\/lahora.mx\/index.php\/wp-json\/wp\/v2\/media\/77757"}],"wp:attachment":[{"href":"https:\/\/lahora.mx\/index.php\/wp-json\/wp\/v2\/media?parent=77756"}],"wp:term":[{"taxonomy":"category","embeddable":true,"href":"https:\/\/lahora.mx\/index.php\/wp-json\/wp\/v2\/categories?post=77756"},{"taxonomy":"post_tag","embeddable":true,"href":"https:\/\/lahora.mx\/index.php\/wp-json\/wp\/v2\/tags?post=77756"}],"curies":[{"name":"wp","href":"https:\/\/api.w.org\/{rel}","templated":true}]}}