{"id":77685,"date":"2026-02-24T19:48:26","date_gmt":"2026-02-24T19:48:26","guid":{"rendered":"https:\/\/lahora.mx\/?p=77685"},"modified":"2026-02-24T19:48:27","modified_gmt":"2026-02-24T19:48:27","slug":"macron-acepta-la-renuncia-de-la-directora-del-louvre-tras-el-robo-de-joyas-historicas","status":"publish","type":"post","link":"https:\/\/lahora.mx\/index.php\/2026\/02\/24\/macron-acepta-la-renuncia-de-la-directora-del-louvre-tras-el-robo-de-joyas-historicas\/","title":{"rendered":"Macron acepta la renuncia de la directora del Louvre tras el robo de joyas hist\u00f3ricas"},"content":{"rendered":"\n<p>El presidente Emmanuel Macron acept\u00f3 este martes 24 de febrero de 2026 la renuncia de Laurence des Cars como director del Museo del Louvre , una salida que se concreta tras meses de presi\u00f3n por el robo de joyas hist\u00f3ricas de la Corona francesa y por otras controversias que impactaron la imagen del recinto cultural m\u00e1s visitado del mundo.<\/p>\n\n\n\n<p>El anuncio fue difundido por la oficina presidencial mediante un comunicado, en el que se present\u00f3 la dimisi\u00f3n como un \u201cacto de responsabilidad\u201d para devolver estabilidad a la instituci\u00f3n y reimpulsar proyectos considerados prioritarios, entre ellos el reforzamiento de la seguridad y planes de modernizaci\u00f3n . En la cobertura sobre el relevo se se\u00f1ala, adem\u00e1s, que des Cars ya hab\u00eda ofrecido dejar la carga el mismo d\u00eda del asalto, pero en ese momento su salida no fue aceptada mientras avanzaban revisiones internas.<br>La crisis se origin\u00f3 tras el asalto ocurrido el 19 de octubre de 2025 , cuando delincuentes sustrajeron ocho piezas expuestas en la Galer\u00eda de Apolo . Las estimaciones sit\u00faan el bot\u00f3n en 88 millones de euros (alrededor de 102 millones de d\u00f3lares ) y la operaci\u00f3n habr\u00eda durado menos de ocho minutos , un golpe que evidenci\u00f3 fallas de vigilancia y protecci\u00f3n en el edificio.<\/p>\n\n\n\n<p>De acuerdo con informes posteriores, la propia directora reconoci\u00f3 ante instancias oficiales que el robo expuso debilidades del sistema, entre ellas carencias en la cobertura de c\u00e1maras y en los protocolos de control, lo que increment\u00f3 los cuestionamientos p\u00fablicos sobre la seguridad del museo.<\/p>\n\n\n\n<p>La presi\u00f3n sobre su tambi\u00e9n gesti\u00f3n se vio incrementada por un clima de conflicto laboral y problemas operativos. En semanas recientes se reportaron huelgas del personal vinculados a condiciones de trabajo y remuneraciones, as\u00ed como incidentes de infraestructura, incluidas filtraciones , en un contexto de se\u00f1alamientos sobre la necesidad de inversiones m\u00e1s consistentes en mantenimiento y resguardo del patrimonio.<\/p>\n\n\n\n<p>En paralelo, el Louvre estuvo bajo reflectores por decisiones administrativas con impacto p\u00fablico, como la aplicaci\u00f3n de una tarifa m\u00e1s alta para visitantes de fuera de la Uni\u00f3n Europea : desde el 14 de enero de 2026 , la entrada general para ese grupo pas\u00f3 a 32 euros , un ajuste que reaviv\u00f3 el debate sobre el financiamiento del museo.<\/p>\n","protected":false},"excerpt":{"rendered":"<p>El presidente Emmanuel Macron acept\u00f3 este martes 24 de febrero de 2026 la renuncia de Laurence des Cars como director del Museo del Louvre , una salida que se concreta tras meses de presi\u00f3n por el robo de joyas hist\u00f3ricas de la Corona francesa y por otras controversias que impactaron la imagen del recinto cultural [&hellip;]<\/p>\n","protected":false},"author":1,"featured_media":77686,"comment_status":"open","ping_status":"open","sticky":false,"template":"","format":"standard","meta":{"om_disable_all_campaigns":false,"_monsterinsights_skip_tracking":false,"_monsterinsights_sitenote_active":false,"_monsterinsights_sitenote_note":"","_monsterinsights_sitenote_category":0,"footnotes":""},"categories":[183],"tags":[],"class_list":["post-77685","post","type-post","status-publish","format-standard","has-post-thumbnail","hentry","category-internacional"],"amp_enabled":true,"_links":{"self":[{"href":"https:\/\/lahora.mx\/index.php\/wp-json\/wp\/v2\/posts\/77685","targetHints":{"allow":["GET"]}}],"collection":[{"href":"https:\/\/lahora.mx\/index.php\/wp-json\/wp\/v2\/posts"}],"about":[{"href":"https:\/\/lahora.mx\/index.php\/wp-json\/wp\/v2\/types\/post"}],"author":[{"embeddable":true,"href":"https:\/\/lahora.mx\/index.php\/wp-json\/wp\/v2\/users\/1"}],"replies":[{"embeddable":true,"href":"https:\/\/lahora.mx\/index.php\/wp-json\/wp\/v2\/comments?post=77685"}],"version-history":[{"count":1,"href":"https:\/\/lahora.mx\/index.php\/wp-json\/wp\/v2\/posts\/77685\/revisions"}],"predecessor-version":[{"id":77687,"href":"https:\/\/lahora.mx\/index.php\/wp-json\/wp\/v2\/posts\/77685\/revisions\/77687"}],"wp:featuredmedia":[{"embeddable":true,"href":"https:\/\/lahora.mx\/index.php\/wp-json\/wp\/v2\/media\/77686"}],"wp:attachment":[{"href":"https:\/\/lahora.mx\/index.php\/wp-json\/wp\/v2\/media?parent=77685"}],"wp:term":[{"taxonomy":"category","embeddable":true,"href":"https:\/\/lahora.mx\/index.php\/wp-json\/wp\/v2\/categories?post=77685"},{"taxonomy":"post_tag","embeddable":true,"href":"https:\/\/lahora.mx\/index.php\/wp-json\/wp\/v2\/tags?post=77685"}],"curies":[{"name":"wp","href":"https:\/\/api.w.org\/{rel}","templated":true}]}}