{"id":77617,"date":"2026-02-24T02:28:44","date_gmt":"2026-02-24T02:28:44","guid":{"rendered":"https:\/\/lahora.mx\/?p=77617"},"modified":"2026-02-24T02:28:45","modified_gmt":"2026-02-24T02:28:45","slug":"india-suspende-visita-comercial-a-washington-por-incertidumbre-arancelaria-tras-fallo-en-eu","status":"publish","type":"post","link":"https:\/\/lahora.mx\/index.php\/2026\/02\/24\/india-suspende-visita-comercial-a-washington-por-incertidumbre-arancelaria-tras-fallo-en-eu\/","title":{"rendered":"India suspende visita comercial a Washington por incertidumbre arancelaria tras fallo en EU"},"content":{"rendered":"\n<p>El gobierno de India decidi\u00f3 aplazar el viaje de su delegaci\u00f3n comercial a Washington previsto para esta semana, ante la incertidumbre arancelaria derivada del fallo de la Corte Suprema de Estados Unidos que invalid\u00f3 los aranceles impuestos por el presidente Donald Trump , de acuerdo con una fuente del Ministerio de Comercio citada el domingo .<\/p>\n\n\n\n<p>La medida se dio despu\u00e9s de que Trump ordenara el s\u00e1bado un arancel temporal de 15% \u2014el m\u00e1ximo permitido por ley, seg\u00fan la fuente\u2014 a las importaciones estadounidenses procedentes de todos los pa\u00edses , como respuesta a la resoluci\u00f3n judicial. La misma fuente se\u00f1al\u00f3 que la determinaci\u00f3n de posponer la visita se tom\u00f3 tras conversaciones entre funcionarios de ambos gobiernos , y pidi\u00f3 el anonimato para tratarse de un tema delicado. A\u00f1adi\u00f3 que, por el momento, no hay nueva fecha definida para el viaje.<br>El aplazamiento ocurre en un contexto en el que la delegaci\u00f3n ten\u00eda previsto partir para avanzar en un acuerdo provisional . Bajo el marco que se ven\u00eda trabajando, Estados Unidos contemplaba reducir aranceles punitivos del 25% sobre algunas exportaciones indias vinculadas, seg\u00fan el texto, a las compras de petr\u00f3leo ruso por parte de Nueva Delhi. En ese esquema, los grav\u00e1menes se ajustar\u00edan al 18% .<\/p>\n\n\n\n<p>A cambio, el planteamiento inclu\u00eda que India adquiriera bienes estadounidenses por un valor de 500 mil millones de d\u00f3lares en un plazo de cinco a\u00f1os , con compras que abarcar\u00edan desde suministros energ\u00e9ticos hasta aeronaves , metales preciosos y productos tecnol\u00f3gicos .<\/p>\n\n\n\n<p>En el terreno pol\u00edtico interno, el partido opositor del Congreso pidi\u00f3 frenar el pacto interino y solicit\u00f3 una renegociaci\u00f3n , adem\u00e1s de cuestionar que el primer ministro Narendra Modi hubiera emitido una declaraci\u00f3n conjunta antes de conocerse el fallo definitivo de la corte, seg\u00fan el texto.<\/p>\n\n\n\n<p>El s\u00e1bado , el Ministerio de Comercio indic\u00f3 que analiza las implicaciones de la sentencia y de los anuncios posteriores de la Casa Blanca . En tanto, se record\u00f3 que el ministro de Comercio, Piyush Goyal , hab\u00eda se\u00f1alado la semana pasada que el acuerdo provisional podr\u00eda entrar en vigor en abril , una vez que se resolvieran temas pendientes durante la visita a Washington. Con el viaje suspendido, el futuro del entendimiento queda sujeto a la evoluci\u00f3n de la pol\u00edtica comercial estadounidense.<\/p>\n","protected":false},"excerpt":{"rendered":"<p>El gobierno de India decidi\u00f3 aplazar el viaje de su delegaci\u00f3n comercial a Washington previsto para esta semana, ante la incertidumbre arancelaria derivada del fallo de la Corte Suprema de Estados Unidos que invalid\u00f3 los aranceles impuestos por el presidente Donald Trump , de acuerdo con una fuente del Ministerio de Comercio citada el domingo [&hellip;]<\/p>\n","protected":false},"author":1,"featured_media":77618,"comment_status":"open","ping_status":"open","sticky":false,"template":"","format":"standard","meta":{"om_disable_all_campaigns":false,"_monsterinsights_skip_tracking":false,"_monsterinsights_sitenote_active":false,"_monsterinsights_sitenote_note":"","_monsterinsights_sitenote_category":0,"footnotes":""},"categories":[183],"tags":[],"class_list":["post-77617","post","type-post","status-publish","format-standard","has-post-thumbnail","hentry","category-internacional"],"amp_enabled":true,"_links":{"self":[{"href":"https:\/\/lahora.mx\/index.php\/wp-json\/wp\/v2\/posts\/77617","targetHints":{"allow":["GET"]}}],"collection":[{"href":"https:\/\/lahora.mx\/index.php\/wp-json\/wp\/v2\/posts"}],"about":[{"href":"https:\/\/lahora.mx\/index.php\/wp-json\/wp\/v2\/types\/post"}],"author":[{"embeddable":true,"href":"https:\/\/lahora.mx\/index.php\/wp-json\/wp\/v2\/users\/1"}],"replies":[{"embeddable":true,"href":"https:\/\/lahora.mx\/index.php\/wp-json\/wp\/v2\/comments?post=77617"}],"version-history":[{"count":1,"href":"https:\/\/lahora.mx\/index.php\/wp-json\/wp\/v2\/posts\/77617\/revisions"}],"predecessor-version":[{"id":77619,"href":"https:\/\/lahora.mx\/index.php\/wp-json\/wp\/v2\/posts\/77617\/revisions\/77619"}],"wp:featuredmedia":[{"embeddable":true,"href":"https:\/\/lahora.mx\/index.php\/wp-json\/wp\/v2\/media\/77618"}],"wp:attachment":[{"href":"https:\/\/lahora.mx\/index.php\/wp-json\/wp\/v2\/media?parent=77617"}],"wp:term":[{"taxonomy":"category","embeddable":true,"href":"https:\/\/lahora.mx\/index.php\/wp-json\/wp\/v2\/categories?post=77617"},{"taxonomy":"post_tag","embeddable":true,"href":"https:\/\/lahora.mx\/index.php\/wp-json\/wp\/v2\/tags?post=77617"}],"curies":[{"name":"wp","href":"https:\/\/api.w.org\/{rel}","templated":true}]}}