{"id":77509,"date":"2026-02-22T00:41:02","date_gmt":"2026-02-22T00:41:02","guid":{"rendered":"https:\/\/lahora.mx\/?p=77509"},"modified":"2026-02-22T00:41:02","modified_gmt":"2026-02-22T00:41:02","slug":"paises-arabes-condenan-al-embajador-de-eu-por-decir-que-israel-tiene-derecho-a-gran-parte-de-oriente-medio","status":"publish","type":"post","link":"https:\/\/lahora.mx\/index.php\/2026\/02\/22\/paises-arabes-condenan-al-embajador-de-eu-por-decir-que-israel-tiene-derecho-a-gran-parte-de-oriente-medio\/","title":{"rendered":"Pa\u00edses \u00e1rabes condenan al embajador de EU por decir que Israel tiene derecho a gran parte de Oriente Medio"},"content":{"rendered":"\n<p>Declaraciones del embajador de Estados Unidos en Israel, Mike Huckabee , en las que afirm\u00f3 que Israel tiene derecho a una parte amplia de Oriente Medio, desataron este s\u00e1bado ola de condenas de pa\u00edses \u00e1rabes y musulmanes, que calificaron sus palabras de extremistas, provocadoras y alejadas de la postura oficial estadounidense.<\/p>\n\n\n\n<p>Los comentarios fueron realizados en una entrevista con el presentador conservador Tucker Carlson , transmitida el viernes. En ese di\u00e1logo, Carlson plante\u00f3 una interpretaci\u00f3n b\u00edblica seg\u00fan la cual los descendientes de Abraham habr\u00edan recibido tierras que, en la actualidad, abarcar\u00edan pr\u00e1cticamente toda la regi\u00f3n. Al preguntarle si Israel tendr\u00eda derecho a ese territorio, Huckabee respondi\u00f3 que \u201cestar\u00eda bien si se lo quedaran todo\u201d, aunque a\u00f1adi\u00f3 que Israel no busca expandirse y que, en su opini\u00f3n, tiene derecho a la seguridad en la tierra que posee leg\u00edtimamente.<br>La reacci\u00f3n fue inmediata. Egipto y Jordania , as\u00ed como Arabia Saud\u00ed , la Organizaci\u00f3n de Cooperaci\u00f3n Isl\u00e1mica y la Liga de los Estados \u00c1rabes , emitieron comunicados por separado para rechazar los dichos. Arabia Saud\u00ed los describi\u00f3 como \u201cret\u00f3rica extremista\u201d e \u201cinaceptables\u201d y pidi\u00f3 al Departamento de Estado aclarar su posici\u00f3n. Egipto los demostr\u00f3 una \u201cviolaci\u00f3n flagrante\u201d del derecho internacional y sostuvo que Israel no tiene soberan\u00eda sobre el territorio palestino ocupado ni sobre otras tierras \u00e1rabes. La Liga \u00c1rabe advirti\u00f3 que declaraciones de esa naturaleza solo alimentan tensiones y agitan emociones religiosas y nacionales.<\/p>\n\n\n\n<p>Hasta el momento, ni Israel ni Estados Unidos hab\u00edan emitido comentarios sobre la controversia.<\/p>\n\n\n\n<p>En el trasfondo, el reporte recuerda que Israel no cuenta con fronteras plenamente reconocidas desde su creaci\u00f3n en 1948 y que sus l\u00edmites con pa\u00edses vecinos han cambiado por guerras, anexiones, altos al fuego y acuerdos de paz. En particular, se menciona que durante la Guerra de los Seis D\u00edas de 1967 Israel tom\u00f3 Cisjordania y Jerusal\u00e9n oriental, Gaza y la pen\u00ednsula del Sina\u00ed, adem\u00e1s de los Altos del Gol\u00e1n; Posteriormente se retir\u00f3 del Sina\u00ed como parte de un acuerdo de paz con Egipto tras la guerra de 1973, y se retir\u00f3 unilateralmente de Gaza en 2005.<\/p>\n\n\n\n<p>La nota a\u00f1ade que, en meses recientes, Israel ha buscado profundizar su colonizaci\u00f3n en Cisjordania ocupada, con ampliaci\u00f3n de la construcci\u00f3n en asentamientos, legalizaci\u00f3n de puestos de avanzada y cambios administrativos. Tambi\u00e9n se refiere que el presidente estadounidense Donald Trump ha dicho que no permitir\u00e1 que Israel anexe Cisjordania y que bloquear\u00eda cualquier intento.<\/p>\n\n\n\n<p>Durante d\u00e9cadas, los palestinos han reclamado un Estado independiente en Cisjordania y Gaza, con Jerusal\u00e9n oriental como capital, una aspiraci\u00f3n respaldada por gran parte de la comunidad internacional. En ese contexto, se indica que Huckabee se ha manifestado desde hace tiempo en contra de la soluci\u00f3n de dos Estados y que, en la entrevista, volvi\u00f3 a abordar referencias del G\u00e9nesis sobre una promesa territorial \u201cdel Nilo al \u00c9ufrates\u201d; Ante ello, se\u00f1al\u00f3 que no estaba seguro de que se llegara \u201ctan lejos\u201d, aunque reconoci\u00f3 que ser\u00eda una extensi\u00f3n considerable.<\/p>\n\n\n\n<p>Finalmente, el texto menciona que Israel ha ampliado su control territorial desde el inicio de su ofensiva en Gaza. Bajo el alto al fuego vigente, se repleg\u00f3 a una zona de amortiguamiento, pero a\u00fan controla m\u00e1s de la mitad del territorio, y el acuerdo no fija un calendario para nuevas retiradas. Tambi\u00e9n se se\u00f1ala que Israel tom\u00f3 el control militar de una zona de amortiguamiento desmilitarizada en Siria tras el derrocamiento de Bashar Assad a finales de 2024, y que mantiene cinco posiciones en colinas dentro del territorio liban\u00e9s tras la guerra con Hezbollah en 2024.<br><br><\/p>\n","protected":false},"excerpt":{"rendered":"<p>Declaraciones del embajador de Estados Unidos en Israel, Mike Huckabee , en las que afirm\u00f3 que Israel tiene derecho a una parte amplia de Oriente Medio, desataron este s\u00e1bado ola de condenas de pa\u00edses \u00e1rabes y musulmanes, que calificaron sus palabras de extremistas, provocadoras y alejadas de la postura oficial estadounidense. Los comentarios fueron realizados [&hellip;]<\/p>\n","protected":false},"author":1,"featured_media":77510,"comment_status":"open","ping_status":"open","sticky":false,"template":"","format":"standard","meta":{"om_disable_all_campaigns":false,"_monsterinsights_skip_tracking":false,"_monsterinsights_sitenote_active":false,"_monsterinsights_sitenote_note":"","_monsterinsights_sitenote_category":0,"footnotes":""},"categories":[183],"tags":[],"class_list":["post-77509","post","type-post","status-publish","format-standard","has-post-thumbnail","hentry","category-internacional"],"amp_enabled":true,"_links":{"self":[{"href":"https:\/\/lahora.mx\/index.php\/wp-json\/wp\/v2\/posts\/77509","targetHints":{"allow":["GET"]}}],"collection":[{"href":"https:\/\/lahora.mx\/index.php\/wp-json\/wp\/v2\/posts"}],"about":[{"href":"https:\/\/lahora.mx\/index.php\/wp-json\/wp\/v2\/types\/post"}],"author":[{"embeddable":true,"href":"https:\/\/lahora.mx\/index.php\/wp-json\/wp\/v2\/users\/1"}],"replies":[{"embeddable":true,"href":"https:\/\/lahora.mx\/index.php\/wp-json\/wp\/v2\/comments?post=77509"}],"version-history":[{"count":1,"href":"https:\/\/lahora.mx\/index.php\/wp-json\/wp\/v2\/posts\/77509\/revisions"}],"predecessor-version":[{"id":77511,"href":"https:\/\/lahora.mx\/index.php\/wp-json\/wp\/v2\/posts\/77509\/revisions\/77511"}],"wp:featuredmedia":[{"embeddable":true,"href":"https:\/\/lahora.mx\/index.php\/wp-json\/wp\/v2\/media\/77510"}],"wp:attachment":[{"href":"https:\/\/lahora.mx\/index.php\/wp-json\/wp\/v2\/media?parent=77509"}],"wp:term":[{"taxonomy":"category","embeddable":true,"href":"https:\/\/lahora.mx\/index.php\/wp-json\/wp\/v2\/categories?post=77509"},{"taxonomy":"post_tag","embeddable":true,"href":"https:\/\/lahora.mx\/index.php\/wp-json\/wp\/v2\/tags?post=77509"}],"curies":[{"name":"wp","href":"https:\/\/api.w.org\/{rel}","templated":true}]}}