{"id":7717,"date":"2022-06-03T00:19:48","date_gmt":"2022-06-03T00:19:48","guid":{"rendered":"http:\/\/lahora.mx\/?p=7717"},"modified":"2022-06-03T00:19:49","modified_gmt":"2022-06-03T00:19:49","slug":"la-gobernadora-lorena-cuellar-reitera-el-apoyo-y-compromiso-con-el-sector-empresarial-del-estado","status":"publish","type":"post","link":"https:\/\/lahora.mx\/index.php\/2022\/06\/03\/la-gobernadora-lorena-cuellar-reitera-el-apoyo-y-compromiso-con-el-sector-empresarial-del-estado\/","title":{"rendered":"La gobernadora Lorena Cu\u00e9llar  reitera el apoyo y compromiso con el sector empresarial del estado"},"content":{"rendered":"\n<p>La gobernadora Lorena Cu\u00e9llar Cisneros sostuvo una reuni\u00f3n con representantes de C\u00e1maras y Asociaciones Empresariales, Empresarios e Industriales, con quienes habl\u00f3 sobre las acciones y programas impulsados por su administraci\u00f3n para fortalecer este sector.<\/p>\n\n\n\n<p>Durante el encuentro, la mandataria resalt\u00f3 que de acuerdo con cifras del Instituto Nacional de Estad\u00edstica y Geograf\u00eda (Inegi), Tlaxcala se ubica como una de las tres entidades con mayor crecimiento y recuperaci\u00f3n econ\u00f3mica pese al impacto de la pandemia por Covid-19.<\/p>\n\n\n\n<p>Adem\u00e1s de que las empresas asentadas en el territorio tlaxcalteca incrementaron su productividad industrial y el nivel de exportaciones derivado de la calidad de sus productos.<\/p>\n\n\n\n<p>\u201cMuchas gracias por estar aqu\u00ed, quiero que sepan que cu\u00e1ntas veces sea invitada yo estar\u00e9 aqu\u00ed para escucharlos, atender sus necesidades y lograr que tengamos mejores indicadores (\u2026) este gobierno necesita de todos, si todos trabajamos sin ver colores, podemos lograr mucho por el estado y hacer una nueva historia para \u00e9l\u201d, subray\u00f3.<\/p>\n\n\n\n<p>En ese sentido, Cu\u00e9llar Cisneros detall\u00f3 que desde el inicio de su administraci\u00f3n promovi\u00f3 una serie de proyectos para apoyar al sector privado que tienen que ver con la promoci\u00f3n de vacantes, capacitaci\u00f3n a los buscadores de empleo y el fortalecimiento de la inclusi\u00f3n laboral.<\/p>\n\n\n\n<p>Adem\u00e1s de una inversi\u00f3n de 75 millones de pesos para apoyar a las microempresas con cr\u00e9ditos que tienen tasas de inter\u00e9s bajas y que no requieren garant\u00eda hipotecaria cuando son inferiores a 2.5 millones de pesos.<\/p>\n\n\n\n<p>As\u00ed como la creaci\u00f3n de la Secretar\u00eda de Medio Ambiente (SMA) y la Procuradur\u00eda de Protecci\u00f3n al Medio Ambiente del Estado de Tlaxcala (Propaet) para que trabajen en conjunto con las empresas y estas logren un desarrollo econ\u00f3mico sostenible y sustentable.<\/p>\n\n\n\n<p>\u201cMe interesa que ustedes como empresarios contin\u00faen dando buenos empleos como lo han hecho hasta ahora, apoyarles para que podamos todos cumplir; no queremos crear procuradur\u00edas para sancionar sino para observar, para acompa\u00f1arlos, para prevenir diferentes acciones que nos van a ayudar a mejorar el medio ambiente, es una tarea de todos\u201d, apunt\u00f3.<\/p>\n\n\n\n<p>Con relaci\u00f3n a ese tema, el titular de la SMA, Luis Antonio Ram\u00edrez Hern\u00e1ndez manifest\u00f3 su voluntad para que los organismos e instituciones que integran a la dependencia acompa\u00f1en, orienten y capaciten a los empresarios en el proceso de cumplimiento de las normas ambientales.<\/p>\n\n\n\n<p>\u201cOfrezco ser el puente de comunicaci\u00f3n con las instancias federales que tienen coordinaci\u00f3n con el sector industrial para lograr que las acciones de vigilancia, inspecci\u00f3n y los procesos de certificaci\u00f3n ambiental puedan obtenerlos, lo que inclusive los lleve a lograr compromisos a su industria para acceder a mayores alcances financieros, econ\u00f3micos y cr\u00e9ditos\u201d, expuso.<\/p>\n\n\n\n<p>Mientras que la diputada presidenta de la Comisi\u00f3n de Medio Ambiente y Recursos Naturales del Congreso local, Marcela Gonz\u00e1lez Castillo reconoci\u00f3 a la gobernadora por respaldar leyes y acciones que contribuyen a proteger los recursos naturales, as\u00ed como la salud de la poblaci\u00f3n tlaxcalteca.<\/p>\n\n\n\n<p>A\u00f1adi\u00f3 que trabajar\u00e1 desde el Congreso local para actualizar y fortalecer la legislaci\u00f3n en materia ambiental. \u201cVamos a trabajar en las reformas de las leyes de aguas, municipal, de residuos s\u00f3lidos, de cambio clim\u00e1tico y todas aquellas necesarias para contar con un marco legal ambiental apropiado para la atenci\u00f3n de los problemas ecol\u00f3gicos existentes en el estado\u201d.<\/p>\n\n\n\n<p>En tanto, el secretario del Trabajo y Competitividad, Alberto Ignacio L\u00f3pez S\u00e1nchez recalc\u00f3 que la buena relaci\u00f3n entre el sector productivo y el gobierno contribuye a un mejor crecimiento econ\u00f3mico, por lo que pidi\u00f3 a los empresarios que a\u00fan faltan por legitimar los contratos colectivos de trabajo, cumplir con esta obligaci\u00f3n que demanda la Reforma Laboral.<\/p>\n\n\n\n<p>\u201cNos hemos puesto de acuerdo con las autoridades laborales, estatales y federales para colaborar con todas las empresas en aquellas cuestiones que se les atore para cumplir con este ordenamiento\u201d, sostuvo.<\/p>\n\n\n\n<p>Asimismo, inform\u00f3 que las organizaciones sindicales y empresas le reportaron que el reparto de utilidades se cumpli\u00f3 en tiempo y forma, en un clima de respeto y tranquilidad.<\/p>\n\n\n\n<p>El presidente de la C\u00e1mara Nacional de la Industria de Transformaci\u00f3n (Canacintra), delegaci\u00f3n Tlaxcala, Marcos del Rosario Haget agradeci\u00f3 el respaldo de la gobernadora Lorena Cu\u00e9llar y expres\u00f3, a nombre de los empresarios, \u201ccomo nunca tenemos un gobierno que nos recibe con los brazos abiertos y que se preocupa por el bienestar y generaci\u00f3n de empleos en el estado y eso es algo invaluable\u201d.<\/p>\n\n\n\n<p>A esta reuni\u00f3n tambi\u00e9n asistieron el titular de la Propaet, Iv\u00e1n Garc\u00eda Ju\u00e1rez; la directora del Servicio Nacional del Empleo (SNE), Azalia Cort\u00e9s Garc\u00eda; los representantes de 12 C\u00e1maras y Asociaciones Empresariales y 18 industriales.<\/p>\n","protected":false},"excerpt":{"rendered":"<p>La gobernadora Lorena Cu\u00e9llar Cisneros sostuvo una reuni\u00f3n con representantes de C\u00e1maras y Asociaciones Empresariales, Empresarios e Industriales, con quienes habl\u00f3 sobre las acciones y programas impulsados por su administraci\u00f3n para fortalecer este sector. Durante el encuentro, la mandataria resalt\u00f3 que de acuerdo con cifras del Instituto Nacional de Estad\u00edstica y Geograf\u00eda (Inegi), Tlaxcala se [&hellip;]<\/p>\n","protected":false},"author":4,"featured_media":7718,"comment_status":"open","ping_status":"open","sticky":false,"template":"","format":"standard","meta":{"om_disable_all_campaigns":false,"_monsterinsights_skip_tracking":false,"_monsterinsights_sitenote_active":false,"_monsterinsights_sitenote_note":"","_monsterinsights_sitenote_category":0,"footnotes":""},"categories":[176],"tags":[210],"class_list":["post-7717","post","type-post","status-publish","format-standard","has-post-thumbnail","hentry","category-nacional","tag-tlaxcala"],"amp_enabled":true,"_links":{"self":[{"href":"https:\/\/lahora.mx\/index.php\/wp-json\/wp\/v2\/posts\/7717","targetHints":{"allow":["GET"]}}],"collection":[{"href":"https:\/\/lahora.mx\/index.php\/wp-json\/wp\/v2\/posts"}],"about":[{"href":"https:\/\/lahora.mx\/index.php\/wp-json\/wp\/v2\/types\/post"}],"author":[{"embeddable":true,"href":"https:\/\/lahora.mx\/index.php\/wp-json\/wp\/v2\/users\/4"}],"replies":[{"embeddable":true,"href":"https:\/\/lahora.mx\/index.php\/wp-json\/wp\/v2\/comments?post=7717"}],"version-history":[{"count":1,"href":"https:\/\/lahora.mx\/index.php\/wp-json\/wp\/v2\/posts\/7717\/revisions"}],"predecessor-version":[{"id":7719,"href":"https:\/\/lahora.mx\/index.php\/wp-json\/wp\/v2\/posts\/7717\/revisions\/7719"}],"wp:featuredmedia":[{"embeddable":true,"href":"https:\/\/lahora.mx\/index.php\/wp-json\/wp\/v2\/media\/7718"}],"wp:attachment":[{"href":"https:\/\/lahora.mx\/index.php\/wp-json\/wp\/v2\/media?parent=7717"}],"wp:term":[{"taxonomy":"category","embeddable":true,"href":"https:\/\/lahora.mx\/index.php\/wp-json\/wp\/v2\/categories?post=7717"},{"taxonomy":"post_tag","embeddable":true,"href":"https:\/\/lahora.mx\/index.php\/wp-json\/wp\/v2\/tags?post=7717"}],"curies":[{"name":"wp","href":"https:\/\/api.w.org\/{rel}","templated":true}]}}