{"id":76387,"date":"2026-02-04T01:10:41","date_gmt":"2026-02-04T01:10:41","guid":{"rendered":"https:\/\/lahora.mx\/?p=76387"},"modified":"2026-02-20T00:43:23","modified_gmt":"2026-02-20T00:43:23","slug":"acusa-chedraui-al-pan-de-politizar-el-relleno-sanitario-de-chiltepeque","status":"publish","type":"post","link":"https:\/\/lahora.mx\/index.php\/2026\/02\/04\/acusa-chedraui-al-pan-de-politizar-el-relleno-sanitario-de-chiltepeque\/","title":{"rendered":"Acusa Chedraui al PAN de politizar el relleno sanitario de Chiltepeque"},"content":{"rendered":"\n<p>La desesperaci\u00f3n del PAN llev\u00f3 a politizar el tema del relleno sanitario de Chiltepeque, advirti\u00f3 el alcalde Jos\u00e9 Chedraui Budib, al subrayar que su administraci\u00f3n trabaja para todos, sin distinci\u00f3n de colores pol\u00edticos. Como prueba de ello, mencion\u00f3 el acuerdo alcanzado con ediles de municipios conurbados, entre ellos San Andr\u00e9s Cholula, gobernado por un ayuntamiento de filiaci\u00f3n panista.<\/p>\n\n\n\n<p>Record\u00f3 que tanto el gobernador Alejandro Armenta Mier como el presidente municipal de Puebla trabajan para toda la poblaci\u00f3n, priorizando el bienestar de las y los poblanos por encima de intereses pol\u00edticos.<\/p>\n\n\n\n<p>Precis\u00f3 que, cuando los alcaldes de la zona metropolitana de Puebla solicitaron depositar los residuos de sus demarcaciones en el relleno sanitario de Chiltepeque, no se hizo distinci\u00f3n alguna por afinidad partidista, aun cuando algunos municipios son gobernados por el PAN, como San Andr\u00e9s Cholula.<\/p>\n\n\n\n<p>Enfatiz\u00f3 que una cosa es se\u00f1alar los problemas que requieren atenci\u00f3n en la capital poblana y otra muy distinta convertirlos en bandera pol\u00edtica, como ocurri\u00f3 recientemente.<\/p>\n\n\n\n<p>Chedraui Budib acentu\u00f3 que la controversia en torno al relleno sanitario de Chiltepeque fue incentivada de manera espec\u00edfica por un consejero del PAN, hecho que qued\u00f3 documentado en diversos medios de comunicaci\u00f3n con nombre y apellido.<\/p>\n\n\n\n<p>El consejero panista que incit\u00f3 a un grupo minoritario es Marciano Navarro, ligado al dirigente estatal del PAN, Mario Riestra Pi\u00f1a.<\/p>\n","protected":false},"excerpt":{"rendered":"<p>La desesperaci\u00f3n del PAN llev\u00f3 a politizar el tema del relleno sanitario de Chiltepeque, advirti\u00f3 el alcalde Jos\u00e9 Chedraui Budib, al subrayar que su administraci\u00f3n trabaja para todos, sin distinci\u00f3n de colores pol\u00edticos. Como prueba de ello, mencion\u00f3 el acuerdo alcanzado con ediles de municipios conurbados, entre ellos San Andr\u00e9s Cholula, gobernado por un ayuntamiento [&hellip;]<\/p>\n","protected":false},"author":1,"featured_media":76388,"comment_status":"open","ping_status":"open","sticky":false,"template":"","format":"standard","meta":{"om_disable_all_campaigns":false,"_monsterinsights_skip_tracking":false,"_monsterinsights_sitenote_active":false,"_monsterinsights_sitenote_note":"","_monsterinsights_sitenote_category":0,"footnotes":""},"categories":[175],"tags":[128],"class_list":["post-76387","post","type-post","status-publish","format-standard","has-post-thumbnail","hentry","category-local","tag-politics"],"amp_enabled":true,"_links":{"self":[{"href":"https:\/\/lahora.mx\/index.php\/wp-json\/wp\/v2\/posts\/76387","targetHints":{"allow":["GET"]}}],"collection":[{"href":"https:\/\/lahora.mx\/index.php\/wp-json\/wp\/v2\/posts"}],"about":[{"href":"https:\/\/lahora.mx\/index.php\/wp-json\/wp\/v2\/types\/post"}],"author":[{"embeddable":true,"href":"https:\/\/lahora.mx\/index.php\/wp-json\/wp\/v2\/users\/1"}],"replies":[{"embeddable":true,"href":"https:\/\/lahora.mx\/index.php\/wp-json\/wp\/v2\/comments?post=76387"}],"version-history":[{"count":1,"href":"https:\/\/lahora.mx\/index.php\/wp-json\/wp\/v2\/posts\/76387\/revisions"}],"predecessor-version":[{"id":76389,"href":"https:\/\/lahora.mx\/index.php\/wp-json\/wp\/v2\/posts\/76387\/revisions\/76389"}],"wp:featuredmedia":[{"embeddable":true,"href":"https:\/\/lahora.mx\/index.php\/wp-json\/wp\/v2\/media\/76388"}],"wp:attachment":[{"href":"https:\/\/lahora.mx\/index.php\/wp-json\/wp\/v2\/media?parent=76387"}],"wp:term":[{"taxonomy":"category","embeddable":true,"href":"https:\/\/lahora.mx\/index.php\/wp-json\/wp\/v2\/categories?post=76387"},{"taxonomy":"post_tag","embeddable":true,"href":"https:\/\/lahora.mx\/index.php\/wp-json\/wp\/v2\/tags?post=76387"}],"curies":[{"name":"wp","href":"https:\/\/api.w.org\/{rel}","templated":true}]}}