{"id":7618,"date":"2022-06-01T12:33:02","date_gmt":"2022-06-01T12:33:02","guid":{"rendered":"http:\/\/lahora.mx\/?p=7618"},"modified":"2022-06-01T12:33:33","modified_gmt":"2022-06-01T12:33:33","slug":"de-emergencia-es-hospitalizado-ignacio-lopez-tarso","status":"publish","type":"post","link":"https:\/\/lahora.mx\/index.php\/2022\/06\/01\/de-emergencia-es-hospitalizado-ignacio-lopez-tarso\/","title":{"rendered":"De emergencia es hospitalizado Ignacio L\u00f3pez Tarso"},"content":{"rendered":"\n<p>Hace unos minutos trascendi\u00f3 la noticia de que el primer actor, Ignacio L\u00f3pez Tarso fue  hospitalizado de emergencia a causa de una neumon\u00eda &nbsp;y se encuentra en un noscomocio de&nbsp;colonia Roma, en la CDMX, seg\u00fan inform\u00f3 Foro TV.<br><\/p>\n\n\n\n<p>Hasta el momento se ha descartado que se trate de una infecci\u00f3n de Covid-19, seg\u00fan public\u00f3 el propio histri\u00f3n de 97 a\u00f1os en sus redes sociales.&nbsp;<\/p>\n\n\n\n<p>\u00abQueridos amigas, amigos y medios de comunicaci\u00f3n, agradezco su preocupaci\u00f3n y muestras de cari\u00f1o, estoy en el hospital porque present\u00e9 un cuadro de neumon\u00eda bacteriana, afortunadamente estoy muy bien atendido, recuper\u00e1ndome r\u00e1pidamente\u00bb, escribi\u00f3.<\/p>\n\n\n\n<p>Asimismo expres\u00f3 su agradecimiento al p\u00fablico por la preocupaci\u00f3n y el cari\u00f1o que ha recibido y adelant\u00f3 que muy pronto estar\u00e1 de nuevo en los escenarios.<\/p>\n\n\n\n<p>L\u00f3pez Tarso recientemente fue reconocido con el doctorado&nbsp;honoris causa en Artes y Humanidades&nbsp;por la&nbsp;Universidad de Ixtlahuaca; adem\u00e1s de recibir un merecido homenaje, el actor puso la piedra de un teatro que llevar\u00e1 su nombre en esta instituci\u00f3n.<\/p>\n\n\n\n<p>El actor tiene una trayectoria art\u00edstica de poco m\u00e1s de 70 a\u00f1os, en los que ha protagonizado grandes cintas de la \u00e9poca de oro del cine mexicano como \u00abMacario\u00bb, adem\u00e1s de participar en varios programas televisivos, el \u00faltimo de ellos fue en la nueva temporada de la serie \u201cVecinos\u201d.<br><\/p>\n","protected":false},"excerpt":{"rendered":"<p>Hace unos minutos trascendi\u00f3 la noticia de que el primer actor, Ignacio L\u00f3pez Tarso fue hospitalizado de emergencia a causa de una neumon\u00eda &nbsp;y se encuentra en un noscomocio de&nbsp;colonia Roma, en la CDMX, seg\u00fan inform\u00f3 Foro TV. Hasta el momento se ha descartado que se trate de una infecci\u00f3n de Covid-19, seg\u00fan public\u00f3 el [&hellip;]<\/p>\n","protected":false},"author":4,"featured_media":7619,"comment_status":"open","ping_status":"open","sticky":false,"template":"","format":"standard","meta":{"om_disable_all_campaigns":false,"_monsterinsights_skip_tracking":false,"_monsterinsights_sitenote_active":false,"_monsterinsights_sitenote_note":"","_monsterinsights_sitenote_category":0,"footnotes":""},"categories":[176],"tags":[],"class_list":["post-7618","post","type-post","status-publish","format-standard","has-post-thumbnail","hentry","category-nacional"],"amp_enabled":true,"_links":{"self":[{"href":"https:\/\/lahora.mx\/index.php\/wp-json\/wp\/v2\/posts\/7618","targetHints":{"allow":["GET"]}}],"collection":[{"href":"https:\/\/lahora.mx\/index.php\/wp-json\/wp\/v2\/posts"}],"about":[{"href":"https:\/\/lahora.mx\/index.php\/wp-json\/wp\/v2\/types\/post"}],"author":[{"embeddable":true,"href":"https:\/\/lahora.mx\/index.php\/wp-json\/wp\/v2\/users\/4"}],"replies":[{"embeddable":true,"href":"https:\/\/lahora.mx\/index.php\/wp-json\/wp\/v2\/comments?post=7618"}],"version-history":[{"count":2,"href":"https:\/\/lahora.mx\/index.php\/wp-json\/wp\/v2\/posts\/7618\/revisions"}],"predecessor-version":[{"id":7621,"href":"https:\/\/lahora.mx\/index.php\/wp-json\/wp\/v2\/posts\/7618\/revisions\/7621"}],"wp:featuredmedia":[{"embeddable":true,"href":"https:\/\/lahora.mx\/index.php\/wp-json\/wp\/v2\/media\/7619"}],"wp:attachment":[{"href":"https:\/\/lahora.mx\/index.php\/wp-json\/wp\/v2\/media?parent=7618"}],"wp:term":[{"taxonomy":"category","embeddable":true,"href":"https:\/\/lahora.mx\/index.php\/wp-json\/wp\/v2\/categories?post=7618"},{"taxonomy":"post_tag","embeddable":true,"href":"https:\/\/lahora.mx\/index.php\/wp-json\/wp\/v2\/tags?post=7618"}],"curies":[{"name":"wp","href":"https:\/\/api.w.org\/{rel}","templated":true}]}}