{"id":75890,"date":"2026-01-29T21:20:11","date_gmt":"2026-01-29T21:20:11","guid":{"rendered":"https:\/\/lahora.mx\/?p=75890"},"modified":"2026-01-29T21:20:11","modified_gmt":"2026-01-29T21:20:11","slug":"secretaria-de-las-mujeres-y-fgr-compartiran-inteligencia-para-rastrear-agresores-reincidentes","status":"publish","type":"post","link":"https:\/\/lahora.mx\/index.php\/2026\/01\/29\/secretaria-de-las-mujeres-y-fgr-compartiran-inteligencia-para-rastrear-agresores-reincidentes\/","title":{"rendered":"Secretar\u00eda de las Mujeres y FGR compartir\u00e1n inteligencia para rastrear agresores reincidentes"},"content":{"rendered":"\n<p>La Secretar\u00eda de las Mujeres y la Fiscal\u00eda General de la Rep\u00fablica (FGR) acordaron compartir informaci\u00f3n estrat\u00e9gica para robustecer la investigaci\u00f3n de agresores de mujeres y detectar si una persona se\u00f1alada por violencia de g\u00e9nero registra antecedentes penales vinculados con otros casos o delitos. Como parte del convenio, el Banco Nacional de Datos e Informaci\u00f3n sobre Casos de Violencia contra las Mujeres (BANAVIM) y el Centro Federal de Inteligencia Criminal intercambiar\u00e1n datos con el fin de articular mejor las indagatorias y evitar que hechos aislados oculten patrones de riesgo y reincidencia .<\/p>\n\n\n\n<p>La estrategia busca que la violencia contra las mujeres deje de abordarse como episodios desconectados y se analice con una visi\u00f3n integral , incorporando herramientas de an\u00e1lisis para identificar reiteraci\u00f3n de conductas y posibles escaladas. En paralelo, se impulsar\u00e1n procesos de capacitaci\u00f3n y certificaci\u00f3n del personal que opera el BANAVIM , con el objetivo de estandarizar criterios y mejorar la calidad de la informaci\u00f3n que alimenta las investigaciones.<br>Al presentar el acuerdo, la titular de la Secretar\u00eda de las Mujeres, Citlalli Hern\u00e1ndez Mora , subray\u00f3 que la dependencia se gu\u00eda por la planeaci\u00f3n y la evidencia : \u201ctodo lo que hacemos lo mapeamos, vemos datos, vemos estad\u00edsticas y tomamos decisiones\u201d. En los meses recientes, la funcionaria ha promovido acercamientos con la FGR , encabezada por Ernestina Godoy , as\u00ed como con fiscales estatales , para fortalecer los procesos de justicia y combatir la impunidad en los casos de violencia contra las mujeres.<\/p>\n","protected":false},"excerpt":{"rendered":"<p>La Secretar\u00eda de las Mujeres y la Fiscal\u00eda General de la Rep\u00fablica (FGR) acordaron compartir informaci\u00f3n estrat\u00e9gica para robustecer la investigaci\u00f3n de agresores de mujeres y detectar si una persona se\u00f1alada por violencia de g\u00e9nero registra antecedentes penales vinculados con otros casos o delitos. Como parte del convenio, el Banco Nacional de Datos e Informaci\u00f3n [&hellip;]<\/p>\n","protected":false},"author":1,"featured_media":75892,"comment_status":"open","ping_status":"open","sticky":false,"template":"","format":"standard","meta":{"om_disable_all_campaigns":false,"_monsterinsights_skip_tracking":false,"_monsterinsights_sitenote_active":false,"_monsterinsights_sitenote_note":"","_monsterinsights_sitenote_category":0,"footnotes":""},"categories":[176,226],"tags":[],"class_list":["post-75890","post","type-post","status-publish","format-standard","has-post-thumbnail","hentry","category-nacional","category-policia"],"amp_enabled":true,"_links":{"self":[{"href":"https:\/\/lahora.mx\/index.php\/wp-json\/wp\/v2\/posts\/75890","targetHints":{"allow":["GET"]}}],"collection":[{"href":"https:\/\/lahora.mx\/index.php\/wp-json\/wp\/v2\/posts"}],"about":[{"href":"https:\/\/lahora.mx\/index.php\/wp-json\/wp\/v2\/types\/post"}],"author":[{"embeddable":true,"href":"https:\/\/lahora.mx\/index.php\/wp-json\/wp\/v2\/users\/1"}],"replies":[{"embeddable":true,"href":"https:\/\/lahora.mx\/index.php\/wp-json\/wp\/v2\/comments?post=75890"}],"version-history":[{"count":1,"href":"https:\/\/lahora.mx\/index.php\/wp-json\/wp\/v2\/posts\/75890\/revisions"}],"predecessor-version":[{"id":75893,"href":"https:\/\/lahora.mx\/index.php\/wp-json\/wp\/v2\/posts\/75890\/revisions\/75893"}],"wp:featuredmedia":[{"embeddable":true,"href":"https:\/\/lahora.mx\/index.php\/wp-json\/wp\/v2\/media\/75892"}],"wp:attachment":[{"href":"https:\/\/lahora.mx\/index.php\/wp-json\/wp\/v2\/media?parent=75890"}],"wp:term":[{"taxonomy":"category","embeddable":true,"href":"https:\/\/lahora.mx\/index.php\/wp-json\/wp\/v2\/categories?post=75890"},{"taxonomy":"post_tag","embeddable":true,"href":"https:\/\/lahora.mx\/index.php\/wp-json\/wp\/v2\/tags?post=75890"}],"curies":[{"name":"wp","href":"https:\/\/api.w.org\/{rel}","templated":true}]}}