{"id":75882,"date":"2026-01-29T21:17:57","date_gmt":"2026-01-29T21:17:57","guid":{"rendered":"https:\/\/lahora.mx\/?p=75882"},"modified":"2026-01-29T21:18:16","modified_gmt":"2026-01-29T21:18:16","slug":"sedena-envia-1600-militares-en-sinaloa-despues-de-ataque-a-diputados","status":"publish","type":"post","link":"https:\/\/lahora.mx\/index.php\/2026\/01\/29\/sedena-envia-1600-militares-en-sinaloa-despues-de-ataque-a-diputados\/","title":{"rendered":"Sedena env\u00eda 1,600 militares en Sinaloa despu\u00e9s de ataque a diputados"},"content":{"rendered":"\n<p>La Secretar\u00eda de la Defensa Nacional (Sedena) moviliz\u00f3 1,600 efectivos del Ej\u00e9rcito Mexicano hacia Sinaloa como parte de un operativo a\u00e9reo de gran escala, luego del incremento de hechos violentos en la entidad y el reciente ataque armado contra dos diputados locales de Movimiento Ciudadano en Culiac\u00e1n.<\/p>\n\n\n\n<p>El despliegue se realiz\u00f3 desde distintos puntos del pa\u00eds a bordo de cuatro aeronaves de transporte pesado de la Fuerza A\u00e9rea Mexicana, con llegada a los municipios de Culiac\u00e1n y Mazatl\u00e1n, considerados estrat\u00e9gicos dentro de la Estrategia Nacional de Seguridad P\u00fablica.<br>Entre los efectivos movilizados se incluyen 90 elementos del Cuerpo de Fuerzas Especiales, quienes se suman a las labores que ya realizan la III Regi\u00f3n Militar y la 9\/a Zona Militar en la entidad.<\/p>\n\n\n\n<p>Seg\u00fan la Sedena, el operativo tiene como objetivo reforzar la seguridad en la regi\u00f3n y desincentivar las actividades il\u00edcitas de grupos delictivos, mediante acciones coordinadas entre el Ej\u00e9rcito Mexicano, la Fuerza A\u00e9rea y la Guardia Nacional.<\/p>\n","protected":false},"excerpt":{"rendered":"<p>La Secretar\u00eda de la Defensa Nacional (Sedena) moviliz\u00f3 1,600 efectivos del Ej\u00e9rcito Mexicano hacia Sinaloa como parte de un operativo a\u00e9reo de gran escala, luego del incremento de hechos violentos en la entidad y el reciente ataque armado contra dos diputados locales de Movimiento Ciudadano en Culiac\u00e1n. El despliegue se realiz\u00f3 desde distintos puntos del [&hellip;]<\/p>\n","protected":false},"author":1,"featured_media":75883,"comment_status":"open","ping_status":"open","sticky":false,"template":"","format":"standard","meta":{"om_disable_all_campaigns":false,"_monsterinsights_skip_tracking":false,"_monsterinsights_sitenote_active":false,"_monsterinsights_sitenote_note":"","_monsterinsights_sitenote_category":0,"footnotes":""},"categories":[176],"tags":[],"class_list":["post-75882","post","type-post","status-publish","format-standard","has-post-thumbnail","hentry","category-nacional"],"amp_enabled":true,"_links":{"self":[{"href":"https:\/\/lahora.mx\/index.php\/wp-json\/wp\/v2\/posts\/75882","targetHints":{"allow":["GET"]}}],"collection":[{"href":"https:\/\/lahora.mx\/index.php\/wp-json\/wp\/v2\/posts"}],"about":[{"href":"https:\/\/lahora.mx\/index.php\/wp-json\/wp\/v2\/types\/post"}],"author":[{"embeddable":true,"href":"https:\/\/lahora.mx\/index.php\/wp-json\/wp\/v2\/users\/1"}],"replies":[{"embeddable":true,"href":"https:\/\/lahora.mx\/index.php\/wp-json\/wp\/v2\/comments?post=75882"}],"version-history":[{"count":1,"href":"https:\/\/lahora.mx\/index.php\/wp-json\/wp\/v2\/posts\/75882\/revisions"}],"predecessor-version":[{"id":75886,"href":"https:\/\/lahora.mx\/index.php\/wp-json\/wp\/v2\/posts\/75882\/revisions\/75886"}],"wp:featuredmedia":[{"embeddable":true,"href":"https:\/\/lahora.mx\/index.php\/wp-json\/wp\/v2\/media\/75883"}],"wp:attachment":[{"href":"https:\/\/lahora.mx\/index.php\/wp-json\/wp\/v2\/media?parent=75882"}],"wp:term":[{"taxonomy":"category","embeddable":true,"href":"https:\/\/lahora.mx\/index.php\/wp-json\/wp\/v2\/categories?post=75882"},{"taxonomy":"post_tag","embeddable":true,"href":"https:\/\/lahora.mx\/index.php\/wp-json\/wp\/v2\/tags?post=75882"}],"curies":[{"name":"wp","href":"https:\/\/api.w.org\/{rel}","templated":true}]}}