{"id":75873,"date":"2026-01-29T21:12:43","date_gmt":"2026-01-29T21:12:43","guid":{"rendered":"https:\/\/lahora.mx\/?p=75873"},"modified":"2026-01-29T21:12:44","modified_gmt":"2026-01-29T21:12:44","slug":"puebla-cuarto-lugar-a-nivel-nacional-en-casos-de-influenza","status":"publish","type":"post","link":"https:\/\/lahora.mx\/index.php\/2026\/01\/29\/puebla-cuarto-lugar-a-nivel-nacional-en-casos-de-influenza\/","title":{"rendered":"Puebla, cuarto lugar a nivel nacional en casos de influenza"},"content":{"rendered":"\n<p>La Secretar\u00eda de Salud report\u00f3 que Puebla acumula 229 casos de influenza estacional, coloc\u00e1ndose entre las cinco entidades con mayor n\u00famero de contagios durante la temporada invernal 2025-2026, que hasta la fecha ha registrado 3 mil 656 casos confirmados y 54 fallecimientos en todo el pa\u00eds.<\/p>\n\n\n\n<p>De acuerdo con el corte del 19 de enero de 2026, la mayor\u00eda de los contagios corresponden al subtipo A (H1N1), que representa el 48.5% de las infecciones, seguido por A (H3N2) con 39.6%, otros subtipos de influenza A con 9.1% y la influenza B con 2.8%. Los grupos m\u00e1s afectados son los ni\u00f1os de 1 a 4 a\u00f1os, con 9.7% de los casos, seguidos por los de 5 a 9 a\u00f1os y los adultos de 25 a 29 a\u00f1os, quienes representan 8.2% y 7.6% de los contagios, respectivamente.<br>En cuanto a la distribuci\u00f3n por entidad, la Ciudad de M\u00e9xico lidera con 945 contagios, seguida por Estado de M\u00e9xico con 412, Nuevo Le\u00f3n con 266, Puebla con 229 y Hidalgo con 204 casos. En materia de defunciones, Puebla se encuentra entre los estados con mayor n\u00famero de muertes, junto con Quintana Roo, Hidalgo, Nuevo Le\u00f3n y Ciudad de M\u00e9xico.<\/p>\n\n\n\n<p>La dependencia federal destac\u00f3 que la circulaci\u00f3n viral sigue concentrada en el subtipo A (H1N1), con menor presencia de influenza B y otros subtipos de A, y que el \u00edndice de positividad acumulado hasta la fecha es de 12.5%, lo que refleja la intensidad de la temporada y la importancia de mantener la prevenci\u00f3n y vacunaci\u00f3n en los grupos de riesgo.<\/p>\n","protected":false},"excerpt":{"rendered":"<p>La Secretar\u00eda de Salud report\u00f3 que Puebla acumula 229 casos de influenza estacional, coloc\u00e1ndose entre las cinco entidades con mayor n\u00famero de contagios durante la temporada invernal 2025-2026, que hasta la fecha ha registrado 3 mil 656 casos confirmados y 54 fallecimientos en todo el pa\u00eds. De acuerdo con el corte del 19 de enero [&hellip;]<\/p>\n","protected":false},"author":1,"featured_media":75874,"comment_status":"open","ping_status":"open","sticky":false,"template":"","format":"standard","meta":{"om_disable_all_campaigns":false,"_monsterinsights_skip_tracking":false,"_monsterinsights_sitenote_active":false,"_monsterinsights_sitenote_note":"","_monsterinsights_sitenote_category":0,"footnotes":""},"categories":[252],"tags":[],"class_list":["post-75873","post","type-post","status-publish","format-standard","has-post-thumbnail","hentry","category-salud"],"amp_enabled":true,"_links":{"self":[{"href":"https:\/\/lahora.mx\/index.php\/wp-json\/wp\/v2\/posts\/75873","targetHints":{"allow":["GET"]}}],"collection":[{"href":"https:\/\/lahora.mx\/index.php\/wp-json\/wp\/v2\/posts"}],"about":[{"href":"https:\/\/lahora.mx\/index.php\/wp-json\/wp\/v2\/types\/post"}],"author":[{"embeddable":true,"href":"https:\/\/lahora.mx\/index.php\/wp-json\/wp\/v2\/users\/1"}],"replies":[{"embeddable":true,"href":"https:\/\/lahora.mx\/index.php\/wp-json\/wp\/v2\/comments?post=75873"}],"version-history":[{"count":1,"href":"https:\/\/lahora.mx\/index.php\/wp-json\/wp\/v2\/posts\/75873\/revisions"}],"predecessor-version":[{"id":75875,"href":"https:\/\/lahora.mx\/index.php\/wp-json\/wp\/v2\/posts\/75873\/revisions\/75875"}],"wp:featuredmedia":[{"embeddable":true,"href":"https:\/\/lahora.mx\/index.php\/wp-json\/wp\/v2\/media\/75874"}],"wp:attachment":[{"href":"https:\/\/lahora.mx\/index.php\/wp-json\/wp\/v2\/media?parent=75873"}],"wp:term":[{"taxonomy":"category","embeddable":true,"href":"https:\/\/lahora.mx\/index.php\/wp-json\/wp\/v2\/categories?post=75873"},{"taxonomy":"post_tag","embeddable":true,"href":"https:\/\/lahora.mx\/index.php\/wp-json\/wp\/v2\/tags?post=75873"}],"curies":[{"name":"wp","href":"https:\/\/api.w.org\/{rel}","templated":true}]}}