{"id":75870,"date":"2026-01-29T21:17:07","date_gmt":"2026-01-29T21:17:07","guid":{"rendered":"https:\/\/lahora.mx\/?p=75870"},"modified":"2026-01-29T21:17:43","modified_gmt":"2026-01-29T21:17:43","slug":"frente-frio-32-ingresa-a-mexico-esta-tarde-preven-rachas-de-viento-en-puebla","status":"publish","type":"post","link":"https:\/\/lahora.mx\/index.php\/2026\/01\/29\/frente-frio-32-ingresa-a-mexico-esta-tarde-preven-rachas-de-viento-en-puebla\/","title":{"rendered":"Frente fr\u00edo 32 ingresa a M\u00e9xico esta tarde; prev\u00e9n rachas de viento en Puebla"},"content":{"rendered":"\n<p>El Servicio Meteorol\u00f3gico Nacional (SMN) alert\u00f3 que el frente fr\u00edo n\u00famero 32 ingresar\u00e1 esta tarde sobre la frontera norte de M\u00e9xico, acompa\u00f1ado de una masa de aire polar que generar\u00e1 un marcado descenso de temperaturas en gran parte del pa\u00eds.<\/p>\n\n\n\n<p>Se espera que a partir de ma\u00f1ana y hasta el domingo, el sistema frontal se desplace sobre el noreste, oriente y sureste, provocando lluvias muy fuertes a intensas en regiones de Veracruz, Oaxaca, Chiapas, Tabasco, Guerrero y Campeche, as\u00ed como heladas en zonas altas de la Mesa del Norte y Mesa Central.<\/p>\n\n\n\n<p>El SMN indic\u00f3 que la masa de aire polar asociada al frente originar\u00e1 un evento de Norte muy fuerte a intenso en el litoral del Golfo de M\u00e9xico, Pen\u00ednsula de Yucat\u00e1n, Istmo y Golfo de Tehuantepec, con oleaje elevado en las zonas costeras. Asimismo, se prev\u00e9 la posibilidad de nieve o aguanieve en las cimas del Popocat\u00e9petl, Iztacc\u00edhuatl, Nevado de Toluca, Pico de Orizaba y Cofre de Perote.<\/p>\n\n\n\n<p>Durante este jueves se pronostican rachas de viento de 60 a 80 km\/h en el Istmo y Golfo de Tehuantepec, mientras que en el Golfo de California y estados del norte como Sonora, Chihuahua y Nuevo Le\u00f3n se prev\u00e9n vientos de 50 a 70 km\/h. Rachas de 30 a 50 km\/h se esperan en diversas entidades del centro, occidente y sureste del pa\u00eds, incluyendo Ciudad de M\u00e9xico, Puebla, Yucat\u00e1n y Quintana Roo.<\/p>\n","protected":false},"excerpt":{"rendered":"<p>El Servicio Meteorol\u00f3gico Nacional (SMN) alert\u00f3 que el frente fr\u00edo n\u00famero 32 ingresar\u00e1 esta tarde sobre la frontera norte de M\u00e9xico, acompa\u00f1ado de una masa de aire polar que generar\u00e1 un marcado descenso de temperaturas en gran parte del pa\u00eds. Se espera que a partir de ma\u00f1ana y hasta el domingo, el sistema frontal se [&hellip;]<\/p>\n","protected":false},"author":1,"featured_media":75884,"comment_status":"open","ping_status":"open","sticky":false,"template":"","format":"standard","meta":{"om_disable_all_campaigns":false,"_monsterinsights_skip_tracking":false,"_monsterinsights_sitenote_active":false,"_monsterinsights_sitenote_note":"","_monsterinsights_sitenote_category":0,"footnotes":""},"categories":[176],"tags":[195],"class_list":["post-75870","post","type-post","status-publish","format-standard","has-post-thumbnail","hentry","category-nacional","tag-principal"],"amp_enabled":true,"_links":{"self":[{"href":"https:\/\/lahora.mx\/index.php\/wp-json\/wp\/v2\/posts\/75870","targetHints":{"allow":["GET"]}}],"collection":[{"href":"https:\/\/lahora.mx\/index.php\/wp-json\/wp\/v2\/posts"}],"about":[{"href":"https:\/\/lahora.mx\/index.php\/wp-json\/wp\/v2\/types\/post"}],"author":[{"embeddable":true,"href":"https:\/\/lahora.mx\/index.php\/wp-json\/wp\/v2\/users\/1"}],"replies":[{"embeddable":true,"href":"https:\/\/lahora.mx\/index.php\/wp-json\/wp\/v2\/comments?post=75870"}],"version-history":[{"count":1,"href":"https:\/\/lahora.mx\/index.php\/wp-json\/wp\/v2\/posts\/75870\/revisions"}],"predecessor-version":[{"id":75885,"href":"https:\/\/lahora.mx\/index.php\/wp-json\/wp\/v2\/posts\/75870\/revisions\/75885"}],"wp:featuredmedia":[{"embeddable":true,"href":"https:\/\/lahora.mx\/index.php\/wp-json\/wp\/v2\/media\/75884"}],"wp:attachment":[{"href":"https:\/\/lahora.mx\/index.php\/wp-json\/wp\/v2\/media?parent=75870"}],"wp:term":[{"taxonomy":"category","embeddable":true,"href":"https:\/\/lahora.mx\/index.php\/wp-json\/wp\/v2\/categories?post=75870"},{"taxonomy":"post_tag","embeddable":true,"href":"https:\/\/lahora.mx\/index.php\/wp-json\/wp\/v2\/tags?post=75870"}],"curies":[{"name":"wp","href":"https:\/\/api.w.org\/{rel}","templated":true}]}}