{"id":7587,"date":"2022-06-01T00:01:16","date_gmt":"2022-06-01T00:01:16","guid":{"rendered":"http:\/\/lahora.mx\/?p=7587"},"modified":"2022-06-01T00:01:26","modified_gmt":"2022-06-01T00:01:26","slug":"en-una-rina-de-mujures-lanzan-disparos-para-detenerlas","status":"publish","type":"post","link":"https:\/\/lahora.mx\/index.php\/2022\/06\/01\/en-una-rina-de-mujures-lanzan-disparos-para-detenerlas\/","title":{"rendered":"En una ri\u00f1a de mujeres lanzan disparos para detenerlas"},"content":{"rendered":"\n<p>P\u00e1nico y crisis nerviosa entre menores de una&nbsp;<strong>escuela primaria<\/strong>, as\u00ed como dos f\u00e9minas con heridas leves, fue el saldo de una&nbsp;<strong>ri\u00f1a&nbsp;<\/strong>entre&nbsp;<strong>mujeres&nbsp;<\/strong>que termin\u00f3 con detonaciones de arma de fuego al aire.<\/p>\n\n\n\n<p>Fue alrededor de las 13 horas de este martes, justo a la hora de salida de los menores de la<strong>&nbsp;escuela primaria Emperador Cuauht\u00e9moc<\/strong>, la cual se ubica en el&nbsp;<strong>barrio de Santo \u00c1ngel<\/strong>, que un grupo de mujeres comenz\u00f3 a agredirse con&nbsp;<strong>palos y piedras<\/strong>, enfrentamiento al que se sumaron dos varones que incluso ingresaron a la escuela.<\/p>\n\n\n\n<p>El hecho gener\u00f3 que tanto los\u00a0<strong>estudiantes\u00a0<\/strong>como sus\u00a0<strong>padres\u00a0<\/strong>entraran en<strong>\u00a0crisis nerviosa<\/strong>, pues de acuerdo a testigos del lugar se escucharon dos detonaciones de\u00a0<strong>arma de fuego<\/strong>, tras lo que los agresores huyeron del lugar.Algunos<strong>\u00a0autos\u00a0<\/strong>que se encontraban en el sitio tambi\u00e9n resultaron da\u00f1ados e incluso terminaron con\u00a0<strong>huellas de sangre<\/strong>, por lo que los afectados piden que las afectaciones sean cubiertas por los responsables.<\/p>\n\n\n\n<p>Tras el enfrentamiento, dos mujeres y un hombre resultaron con lesiones en la cabeza, por lo que fueron trasladados al&nbsp;<strong>Centro de Salud de Servicios Ampliados (CESSA) de Amozoc<\/strong>&nbsp;para su valoraci\u00f3n, adem\u00e1s de que al lugar de los hechos arribaron elementos de la Polic\u00eda Estatal y Municipal para confirmar lo sucedido.<\/p>\n","protected":false},"excerpt":{"rendered":"<p>P\u00e1nico y crisis nerviosa entre menores de una&nbsp;escuela primaria, as\u00ed como dos f\u00e9minas con heridas leves, fue el saldo de una&nbsp;ri\u00f1a&nbsp;entre&nbsp;mujeres&nbsp;que termin\u00f3 con detonaciones de arma de fuego al aire. Fue alrededor de las 13 horas de este martes, justo a la hora de salida de los menores de la&nbsp;escuela primaria Emperador Cuauht\u00e9moc, la cual [&hellip;]<\/p>\n","protected":false},"author":4,"featured_media":7588,"comment_status":"open","ping_status":"open","sticky":false,"template":"","format":"standard","meta":{"om_disable_all_campaigns":false,"_monsterinsights_skip_tracking":false,"_monsterinsights_sitenote_active":false,"_monsterinsights_sitenote_note":"","_monsterinsights_sitenote_category":0,"footnotes":""},"categories":[175,226],"tags":[223],"class_list":["post-7587","post","type-post","status-publish","format-standard","has-post-thumbnail","hentry","category-local","category-policia","tag-puebla"],"amp_enabled":true,"_links":{"self":[{"href":"https:\/\/lahora.mx\/index.php\/wp-json\/wp\/v2\/posts\/7587","targetHints":{"allow":["GET"]}}],"collection":[{"href":"https:\/\/lahora.mx\/index.php\/wp-json\/wp\/v2\/posts"}],"about":[{"href":"https:\/\/lahora.mx\/index.php\/wp-json\/wp\/v2\/types\/post"}],"author":[{"embeddable":true,"href":"https:\/\/lahora.mx\/index.php\/wp-json\/wp\/v2\/users\/4"}],"replies":[{"embeddable":true,"href":"https:\/\/lahora.mx\/index.php\/wp-json\/wp\/v2\/comments?post=7587"}],"version-history":[{"count":2,"href":"https:\/\/lahora.mx\/index.php\/wp-json\/wp\/v2\/posts\/7587\/revisions"}],"predecessor-version":[{"id":7590,"href":"https:\/\/lahora.mx\/index.php\/wp-json\/wp\/v2\/posts\/7587\/revisions\/7590"}],"wp:featuredmedia":[{"embeddable":true,"href":"https:\/\/lahora.mx\/index.php\/wp-json\/wp\/v2\/media\/7588"}],"wp:attachment":[{"href":"https:\/\/lahora.mx\/index.php\/wp-json\/wp\/v2\/media?parent=7587"}],"wp:term":[{"taxonomy":"category","embeddable":true,"href":"https:\/\/lahora.mx\/index.php\/wp-json\/wp\/v2\/categories?post=7587"},{"taxonomy":"post_tag","embeddable":true,"href":"https:\/\/lahora.mx\/index.php\/wp-json\/wp\/v2\/tags?post=7587"}],"curies":[{"name":"wp","href":"https:\/\/api.w.org\/{rel}","templated":true}]}}