{"id":75862,"date":"2026-01-29T19:10:27","date_gmt":"2026-01-29T19:10:27","guid":{"rendered":"https:\/\/lahora.mx\/?p=75862"},"modified":"2026-01-29T19:10:28","modified_gmt":"2026-01-29T19:10:28","slug":"nuevo-secretario-fitz-glockner-investigara-irregularidades-en-secretaria-de-cultura","status":"publish","type":"post","link":"https:\/\/lahora.mx\/index.php\/2026\/01\/29\/nuevo-secretario-fitz-glockner-investigara-irregularidades-en-secretaria-de-cultura\/","title":{"rendered":"Nuevo Secretario Fitz Glockner investigar\u00e1 irregularidades en Secretar\u00eda de Cultura"},"content":{"rendered":"\n<p>Tras ser presentado oficialmente por el gobernador Alejandro Armenta, como Secretario de Arte y Cultura del Estado de Puebla, Fritz Glockner Corte asume oficialmente la titularidad de la Secretar\u00eda de Arte y Cultura, se comprometi\u00f3 en trabajar por promover la cultura en la entidad y agradeci\u00f3 la oportunidad al Mandatario y al Gobierno Federal por los siete a\u00f1os que estuvo al frente de Educalia.<\/p>\n\n\n\n<p>Fritz Glockner llega al gabinete en sustituci\u00f3n de Alejandra Pacheco Mex, quien de acuerdo al gobernador, ya fue invitada a sumarse a otras \u00e1reas del gobierno.<\/p>\n\n\n\n<p>El nuevo secretario fue cuestionado sobre cu\u00e1l era su evaluaci\u00f3n de la dependencia tomando en cuenta las acciones que se han realizado en gobiernos anteriores, como la colocaci\u00f3n de chips en las obras del estado, ante lo que afirm\u00f3 tiene conocimiento de\u00a0<strong>diversas \u00abirregularidades\u00bb<\/strong>\u00a0y asegur\u00f3 que se realizar\u00e1 una\u00a0<strong>investigaci\u00f3n<\/strong>\u00a0al respecto.<\/p>\n\n\n\n<p>\u00abTengo la informaci\u00f3n gen\u00e9rica, period\u00edstica y hemos comenzado a valorar en qu\u00e9 estado se encuentran todas estas situaciones. Que llam\u00e9mosle, tal vez de manera irregular, tal vez de manera acelerada se suscitaron en otras administraciones\u00bb<\/p>\n\n\n\n<p><\/p>\n\n\n\n<p><br><\/p>\n","protected":false},"excerpt":{"rendered":"<p>Tras ser presentado oficialmente por el gobernador Alejandro Armenta, como Secretario de Arte y Cultura del Estado de Puebla, Fritz Glockner Corte asume oficialmente la titularidad de la Secretar\u00eda de Arte y Cultura, se comprometi\u00f3 en trabajar por promover la cultura en la entidad y agradeci\u00f3 la oportunidad al Mandatario y al Gobierno Federal por [&hellip;]<\/p>\n","protected":false},"author":1,"featured_media":75863,"comment_status":"open","ping_status":"open","sticky":false,"template":"","format":"standard","meta":{"om_disable_all_campaigns":false,"_monsterinsights_skip_tracking":false,"_monsterinsights_sitenote_active":false,"_monsterinsights_sitenote_note":"","_monsterinsights_sitenote_category":0,"footnotes":""},"categories":[175],"tags":[239,195,223],"class_list":["post-75862","post","type-post","status-publish","format-standard","has-post-thumbnail","hentry","category-local","tag-gobierno","tag-principal","tag-puebla"],"amp_enabled":true,"_links":{"self":[{"href":"https:\/\/lahora.mx\/index.php\/wp-json\/wp\/v2\/posts\/75862","targetHints":{"allow":["GET"]}}],"collection":[{"href":"https:\/\/lahora.mx\/index.php\/wp-json\/wp\/v2\/posts"}],"about":[{"href":"https:\/\/lahora.mx\/index.php\/wp-json\/wp\/v2\/types\/post"}],"author":[{"embeddable":true,"href":"https:\/\/lahora.mx\/index.php\/wp-json\/wp\/v2\/users\/1"}],"replies":[{"embeddable":true,"href":"https:\/\/lahora.mx\/index.php\/wp-json\/wp\/v2\/comments?post=75862"}],"version-history":[{"count":1,"href":"https:\/\/lahora.mx\/index.php\/wp-json\/wp\/v2\/posts\/75862\/revisions"}],"predecessor-version":[{"id":75864,"href":"https:\/\/lahora.mx\/index.php\/wp-json\/wp\/v2\/posts\/75862\/revisions\/75864"}],"wp:featuredmedia":[{"embeddable":true,"href":"https:\/\/lahora.mx\/index.php\/wp-json\/wp\/v2\/media\/75863"}],"wp:attachment":[{"href":"https:\/\/lahora.mx\/index.php\/wp-json\/wp\/v2\/media?parent=75862"}],"wp:term":[{"taxonomy":"category","embeddable":true,"href":"https:\/\/lahora.mx\/index.php\/wp-json\/wp\/v2\/categories?post=75862"},{"taxonomy":"post_tag","embeddable":true,"href":"https:\/\/lahora.mx\/index.php\/wp-json\/wp\/v2\/tags?post=75862"}],"curies":[{"name":"wp","href":"https:\/\/api.w.org\/{rel}","templated":true}]}}