{"id":75858,"date":"2026-01-29T18:08:38","date_gmt":"2026-01-29T18:08:38","guid":{"rendered":"https:\/\/lahora.mx\/?p=75858"},"modified":"2026-01-29T18:08:38","modified_gmt":"2026-01-29T18:08:38","slug":"alistan-apoyo-economico-para-carnavaleros-de-ocotlan-en-coronango","status":"publish","type":"post","link":"https:\/\/lahora.mx\/index.php\/2026\/01\/29\/alistan-apoyo-economico-para-carnavaleros-de-ocotlan-en-coronango\/","title":{"rendered":"Alistan apoyo econ\u00f3mico para carnavaleros de Ocotl\u00e1n en Coronango"},"content":{"rendered":"\n<p>El alcalde de Coronango, Armando Aguirre Amaro, dio a conocer que est\u00e1n preparando el apoyo econ\u00f3mico que otorgar\u00e1n a los participantes del carnaval de San Francisco Ocotl\u00e1n, uno de los m\u00e1s representativos de esta junta auxiliar.<\/p>\n\n\n\n<p>Expuso que en sesi\u00f3n de cabildo se determinar\u00e1 el monto para apoyar en las tradiciones de las familias de esta comunidad, que se dividen en el barrio de abajo, de arriba y del centro y donde cada integrante presenta una importante cartelera para esta celebraci\u00f3n.<br>\u201cEstamos trabajando el tema de log\u00edstica para que este sea un d\u00eda de fiesta, esto ser\u00e1 el martes 17 de febrero, vamos a hacer una aportaci\u00f3n y en cabildo vamos a definir cu\u00e1nto se les aportar\u00e1 por cada cuadrilla\u201d.<\/p>\n\n\n\n<p>La rivalidad entre barrios ha convertido al cartel art\u00edstico en uno de los principales atractivos del carnaval. El Barrio de Arriba confirm\u00f3 la presentaci\u00f3n de Los Recoditos, Bombones de la Cumbia y un grupo sorpresa que ser\u00e1 anunciado en los pr\u00f3ximos d\u00edas.<\/p>\n\n\n\n<p>Por su parte, el Barrio de Abajo contar\u00e1 con la participaci\u00f3n de Banda Tierra Sagrada, Los Rojos y la banda de rock Interpuesto. En tanto, el Barrio del Centro anunci\u00f3 la presentaci\u00f3n de Grupo Quintana y Grupo Mojado.<\/p>\n","protected":false},"excerpt":{"rendered":"<p>El alcalde de Coronango, Armando Aguirre Amaro, dio a conocer que est\u00e1n preparando el apoyo econ\u00f3mico que otorgar\u00e1n a los participantes del carnaval de San Francisco Ocotl\u00e1n, uno de los m\u00e1s representativos de esta junta auxiliar. Expuso que en sesi\u00f3n de cabildo se determinar\u00e1 el monto para apoyar en las tradiciones de las familias de [&hellip;]<\/p>\n","protected":false},"author":1,"featured_media":75859,"comment_status":"open","ping_status":"open","sticky":false,"template":"","format":"standard","meta":{"om_disable_all_campaigns":false,"_monsterinsights_skip_tracking":false,"_monsterinsights_sitenote_active":false,"_monsterinsights_sitenote_note":"","_monsterinsights_sitenote_category":0,"footnotes":""},"categories":[175],"tags":[],"class_list":["post-75858","post","type-post","status-publish","format-standard","has-post-thumbnail","hentry","category-local"],"amp_enabled":true,"_links":{"self":[{"href":"https:\/\/lahora.mx\/index.php\/wp-json\/wp\/v2\/posts\/75858","targetHints":{"allow":["GET"]}}],"collection":[{"href":"https:\/\/lahora.mx\/index.php\/wp-json\/wp\/v2\/posts"}],"about":[{"href":"https:\/\/lahora.mx\/index.php\/wp-json\/wp\/v2\/types\/post"}],"author":[{"embeddable":true,"href":"https:\/\/lahora.mx\/index.php\/wp-json\/wp\/v2\/users\/1"}],"replies":[{"embeddable":true,"href":"https:\/\/lahora.mx\/index.php\/wp-json\/wp\/v2\/comments?post=75858"}],"version-history":[{"count":1,"href":"https:\/\/lahora.mx\/index.php\/wp-json\/wp\/v2\/posts\/75858\/revisions"}],"predecessor-version":[{"id":75860,"href":"https:\/\/lahora.mx\/index.php\/wp-json\/wp\/v2\/posts\/75858\/revisions\/75860"}],"wp:featuredmedia":[{"embeddable":true,"href":"https:\/\/lahora.mx\/index.php\/wp-json\/wp\/v2\/media\/75859"}],"wp:attachment":[{"href":"https:\/\/lahora.mx\/index.php\/wp-json\/wp\/v2\/media?parent=75858"}],"wp:term":[{"taxonomy":"category","embeddable":true,"href":"https:\/\/lahora.mx\/index.php\/wp-json\/wp\/v2\/categories?post=75858"},{"taxonomy":"post_tag","embeddable":true,"href":"https:\/\/lahora.mx\/index.php\/wp-json\/wp\/v2\/tags?post=75858"}],"curies":[{"name":"wp","href":"https:\/\/api.w.org\/{rel}","templated":true}]}}