{"id":75825,"date":"2026-01-28T22:29:27","date_gmt":"2026-01-28T22:29:27","guid":{"rendered":"https:\/\/lahora.mx\/?p=75825"},"modified":"2026-01-28T22:29:28","modified_gmt":"2026-01-28T22:29:28","slug":"accidente-en-la-federal-puebla-tehuacan-cobra-una-vida","status":"publish","type":"post","link":"https:\/\/lahora.mx\/index.php\/2026\/01\/28\/accidente-en-la-federal-puebla-tehuacan-cobra-una-vida\/","title":{"rendered":"Accidente en la federal Puebla-Tehuac\u00e1n cobra una vida"},"content":{"rendered":"\n<p>Un tr\u00e1gico accidente registrado este mi\u00e9rcoles sobre la carretera federal Puebla-Tehuac\u00e1n dej\u00f3 como saldo una persona fallecida y la movilizaci\u00f3n de corporaciones de seguridad y emergencia.<\/p>\n\n\n\n<p>El percance ocurri\u00f3 en el tramo Tlacotepec-Tehuac\u00e1n, a la altura del paraje conocido como La Virgen, donde una camioneta y un veh\u00edculo compacto Nissan Tsuru colisionaron de frente por causas que a\u00fan son investigadas. A consecuencia del impacto, el conductor del autom\u00f3vil perdi\u00f3 la vida al quedar atrapado dentro de la unidad.<br>Testigos se\u00f1alaron que el presunto responsable del choque se dio a la fuga tras el accidente, abandonando la escena sin prestar auxilio. Minutos despu\u00e9s arribaron elementos de la Guardia Nacional, Polic\u00eda Municipal y servicios de emergencia, quienes confirmaron el fallecimiento del masculino y procedieron a acordonar la zona.<\/p>\n\n\n\n<p>Debido a las labores de rescate, peritaje y levantamiento del cuerpo, uno de los carriles con direcci\u00f3n a la ciudad de Tehuac\u00e1n fue cerrado temporalmente, lo que gener\u00f3 afectaciones a la circulaci\u00f3n.<\/p>\n\n\n\n<p>Las autoridades federales iniciaron las investigaciones correspondientes para determinar la mec\u00e1nica del accidente y dar con el paradero del conductor que huy\u00f3 del sitio.<\/p>\n","protected":false},"excerpt":{"rendered":"<p>Un tr\u00e1gico accidente registrado este mi\u00e9rcoles sobre la carretera federal Puebla-Tehuac\u00e1n dej\u00f3 como saldo una persona fallecida y la movilizaci\u00f3n de corporaciones de seguridad y emergencia. El percance ocurri\u00f3 en el tramo Tlacotepec-Tehuac\u00e1n, a la altura del paraje conocido como La Virgen, donde una camioneta y un veh\u00edculo compacto Nissan Tsuru colisionaron de frente por [&hellip;]<\/p>\n","protected":false},"author":1,"featured_media":75826,"comment_status":"open","ping_status":"open","sticky":false,"template":"","format":"standard","meta":{"om_disable_all_campaigns":false,"_monsterinsights_skip_tracking":false,"_monsterinsights_sitenote_active":false,"_monsterinsights_sitenote_note":"","_monsterinsights_sitenote_category":0,"footnotes":""},"categories":[226],"tags":[],"class_list":["post-75825","post","type-post","status-publish","format-standard","has-post-thumbnail","hentry","category-policia"],"amp_enabled":true,"_links":{"self":[{"href":"https:\/\/lahora.mx\/index.php\/wp-json\/wp\/v2\/posts\/75825","targetHints":{"allow":["GET"]}}],"collection":[{"href":"https:\/\/lahora.mx\/index.php\/wp-json\/wp\/v2\/posts"}],"about":[{"href":"https:\/\/lahora.mx\/index.php\/wp-json\/wp\/v2\/types\/post"}],"author":[{"embeddable":true,"href":"https:\/\/lahora.mx\/index.php\/wp-json\/wp\/v2\/users\/1"}],"replies":[{"embeddable":true,"href":"https:\/\/lahora.mx\/index.php\/wp-json\/wp\/v2\/comments?post=75825"}],"version-history":[{"count":1,"href":"https:\/\/lahora.mx\/index.php\/wp-json\/wp\/v2\/posts\/75825\/revisions"}],"predecessor-version":[{"id":75827,"href":"https:\/\/lahora.mx\/index.php\/wp-json\/wp\/v2\/posts\/75825\/revisions\/75827"}],"wp:featuredmedia":[{"embeddable":true,"href":"https:\/\/lahora.mx\/index.php\/wp-json\/wp\/v2\/media\/75826"}],"wp:attachment":[{"href":"https:\/\/lahora.mx\/index.php\/wp-json\/wp\/v2\/media?parent=75825"}],"wp:term":[{"taxonomy":"category","embeddable":true,"href":"https:\/\/lahora.mx\/index.php\/wp-json\/wp\/v2\/categories?post=75825"},{"taxonomy":"post_tag","embeddable":true,"href":"https:\/\/lahora.mx\/index.php\/wp-json\/wp\/v2\/tags?post=75825"}],"curies":[{"name":"wp","href":"https:\/\/api.w.org\/{rel}","templated":true}]}}