{"id":75822,"date":"2026-01-28T22:28:17","date_gmt":"2026-01-28T22:28:17","guid":{"rendered":"https:\/\/lahora.mx\/?p=75822"},"modified":"2026-01-28T22:28:18","modified_gmt":"2026-01-28T22:28:18","slug":"puebla-impulsa-reconocimiento-del-circo-como-patrimonio-cultural","status":"publish","type":"post","link":"https:\/\/lahora.mx\/index.php\/2026\/01\/28\/puebla-impulsa-reconocimiento-del-circo-como-patrimonio-cultural\/","title":{"rendered":"Puebla impulsa reconocimiento del circo como patrimonio cultural"},"content":{"rendered":"\n<p>Desde el Congreso del Estado de Puebla, legisladores de la Comisi\u00f3n de Cultura promueven el reconocimiento oficial del circo como expresi\u00f3n art\u00edstica y patrimonio cultural de M\u00e9xico.<\/p>\n\n\n\n<p>En rueda de prensa realizada en el recinto legislativo, se anunci\u00f3 y celebr\u00f3 el nacimiento p\u00fablico de la Federaci\u00f3n Mexicana de Circo (FEMEC), una iniciativa ciudadana de alcance nacional que busca articular, fortalecer y visibilizar al sector circense en todo el pa\u00eds.<br>La diputada Esther Mart\u00ednez Romano, vocal de la Comisi\u00f3n de Cultura, destac\u00f3 la relevancia de esta nueva organizaci\u00f3n:<\/p>\n\n\n\n<p>\u201cCelebramos el nacimiento p\u00fablico de la Federaci\u00f3n Mexicana de Circo, una iniciativa ciudadana de alcance nacional que reconoce al circo no solo como espect\u00e1culo, sino como arte y pr\u00e1ctica cultural. La FEMEC permitir\u00e1 articular, fortalecer y visibilizar a una comunidad diversa y creativa\u201d.<\/p>\n\n\n\n<p>En el estado de Puebla, la FEMEC cuenta con la representaci\u00f3n del Circo Ollin, agrupaci\u00f3n que forma parte de una red nacional comprometida con la consolidaci\u00f3n del circo como disciplina art\u00edstica con identidad propia, trayectoria hist\u00f3rica y significativa aportaci\u00f3n cultural.<\/p>\n\n\n\n<p>Por su parte, Gerardo Peregrina Fuente, delegado de la Federaci\u00f3n Mexicana de Circo, enfatiz\u00f3 la necesidad de avanzar hacia un mayor reconocimiento institucional y su inclusi\u00f3n plena en las pol\u00edticas culturales del pa\u00eds:<\/p>\n\n\n\n<p>\u201cNuestra meta es lograr que el circo sea reconocido como un arte mayor. Que deje de ser considerado \u00fanicamente un arte popular para ocupar el lugar que le corresponde entre las grandes manifestaciones art\u00edsticas de M\u00e9xico\u201d.<\/p>\n\n\n\n<p>Desde el Congreso del Estado de Puebla se refrenda el compromiso de impulsar y contribuir al reconocimiento formal del circo como patrimonio cultural, as\u00ed como al fortalecimiento y desarrollo del sector circense en el pa\u00eds.<\/p>\n","protected":false},"excerpt":{"rendered":"<p>Desde el Congreso del Estado de Puebla, legisladores de la Comisi\u00f3n de Cultura promueven el reconocimiento oficial del circo como expresi\u00f3n art\u00edstica y patrimonio cultural de M\u00e9xico. En rueda de prensa realizada en el recinto legislativo, se anunci\u00f3 y celebr\u00f3 el nacimiento p\u00fablico de la Federaci\u00f3n Mexicana de Circo (FEMEC), una iniciativa ciudadana de alcance [&hellip;]<\/p>\n","protected":false},"author":1,"featured_media":75823,"comment_status":"open","ping_status":"open","sticky":false,"template":"","format":"standard","meta":{"om_disable_all_campaigns":false,"_monsterinsights_skip_tracking":false,"_monsterinsights_sitenote_active":false,"_monsterinsights_sitenote_note":"","_monsterinsights_sitenote_category":0,"footnotes":""},"categories":[175],"tags":[227,223],"class_list":["post-75822","post","type-post","status-publish","format-standard","has-post-thumbnail","hentry","category-local","tag-congreso","tag-puebla"],"amp_enabled":true,"_links":{"self":[{"href":"https:\/\/lahora.mx\/index.php\/wp-json\/wp\/v2\/posts\/75822","targetHints":{"allow":["GET"]}}],"collection":[{"href":"https:\/\/lahora.mx\/index.php\/wp-json\/wp\/v2\/posts"}],"about":[{"href":"https:\/\/lahora.mx\/index.php\/wp-json\/wp\/v2\/types\/post"}],"author":[{"embeddable":true,"href":"https:\/\/lahora.mx\/index.php\/wp-json\/wp\/v2\/users\/1"}],"replies":[{"embeddable":true,"href":"https:\/\/lahora.mx\/index.php\/wp-json\/wp\/v2\/comments?post=75822"}],"version-history":[{"count":1,"href":"https:\/\/lahora.mx\/index.php\/wp-json\/wp\/v2\/posts\/75822\/revisions"}],"predecessor-version":[{"id":75824,"href":"https:\/\/lahora.mx\/index.php\/wp-json\/wp\/v2\/posts\/75822\/revisions\/75824"}],"wp:featuredmedia":[{"embeddable":true,"href":"https:\/\/lahora.mx\/index.php\/wp-json\/wp\/v2\/media\/75823"}],"wp:attachment":[{"href":"https:\/\/lahora.mx\/index.php\/wp-json\/wp\/v2\/media?parent=75822"}],"wp:term":[{"taxonomy":"category","embeddable":true,"href":"https:\/\/lahora.mx\/index.php\/wp-json\/wp\/v2\/categories?post=75822"},{"taxonomy":"post_tag","embeddable":true,"href":"https:\/\/lahora.mx\/index.php\/wp-json\/wp\/v2\/tags?post=75822"}],"curies":[{"name":"wp","href":"https:\/\/api.w.org\/{rel}","templated":true}]}}