{"id":7582,"date":"2022-05-31T19:39:42","date_gmt":"2022-05-31T19:39:42","guid":{"rendered":"http:\/\/lahora.mx\/?p=7582"},"modified":"2022-05-31T19:39:43","modified_gmt":"2022-05-31T19:39:43","slug":"inician-este-viernes-y-sin-multas-durante-1-mes-los-parquimetros","status":"publish","type":"post","link":"https:\/\/lahora.mx\/index.php\/2022\/05\/31\/inician-este-viernes-y-sin-multas-durante-1-mes-los-parquimetros\/","title":{"rendered":"Inician este viernes y sin multas durante 1 mes los parqu\u00edmetros"},"content":{"rendered":"\n<p>Ser\u00e1 a partir de este viernes 3 de junio cuando inicie la operaci\u00f3n del sistema de parqu\u00edmetros en el centro de la ciudad de Puebla y todo el mes de junio no se levantar\u00e1n multas, inform\u00f3 el Ayuntamiento.<\/p>\n\n\n\n<p>Mientras tanto, en el centro de Puebla a\u00fan se observa la presencia de los llamados \u201cviene-viene\u201d o \u201cfraneleros\u201d, mismos que acusaron que el ayuntamiento nunca se acerc\u00f3 a ellos para<strong>&nbsp;plantearles y platicarles en qu\u00e9 consist\u00eda el trabajo para ser \u00abSupervisores de Movilidad\u00bb<\/strong>.<\/p>\n\n\n\n<p>El pasado 2 de mayo, la subsecretar\u00eda de Movilidad y Seguridad Vial, Rub\u00ed V\u00e1zquez Cruz, inform\u00f3 que<strong>&nbsp;de un total de 150 franeleros que se ubican en el Centro Hist\u00f3rico de Puebla, solo 25 fueron contratados<\/strong>&nbsp;como supervisores para que se encarguen de la vigilancia y el buen funcionamiento una vez que inicie el sistema de parqu\u00edmetros.<\/p>\n\n\n\n<p>Dijo que habr\u00e1 un supervisor de movilidad por cada 120 cajones de estacionamiento, toda vez que fueron contratados 47, que van a estar bien identificados con un chaleco de color azul con el logotipo del ayuntamiento.<\/p>\n\n\n\n<p>En un recorrido realizado por e-consulta en el cuadrante donde est\u00e1n pintados los cajones de estacionamiento, se pudo constatar que hab\u00eda cerca de 3 franeleros por cuadra que siguen apartando lugares para que los automovilistas lleguen y se estacionen.<\/p>\n\n\n\n<p>En entrevista, Cesar Rojas, quien trabaja sobre la calle 2 Sur, entre 13 y 15 Oriente, expuso que hace un mes acudi\u00f3 a las oficinas de la Secretar\u00eda Movilidad e Infraestructura del ayuntamiento, para integrarse como \u201csupervisor de movilidad\u201d, pero le dijeron que los lugares ya estaban ocupados y en caso de que existir\u00e1 una segunda convocatoria ser\u00eda llamado.<\/p>\n\n\n\n<p>\u201cCuando anunciaron el programa de parqu\u00edmetros, ten\u00eda entendido que seg\u00fan nos iban a mover a otros lados y nos iban apoyar. Me enter\u00e9 por los medios de comunicaci\u00f3n de que iban a contratar a los franeleros, pero cuando fui ya no hab\u00eda vacantes y que a lo mejor m\u00e1s adelante nos tomar\u00edan en cuenta\u201d, dijo.<\/p>\n\n\n\n<p>Indic\u00f3 que lleva casi 17 a\u00f1os trabajando como \u201cfranelero\u201d, y una vez que se ponga en marcha los parqu\u00edmetros se tendr\u00e1 que mover a otras zonas debido a que los ciudadanos no van a querer pagar doble vez, adem\u00e1s por su edad f\u00e1cilmente no lo aceptan en otro trabajo.<\/p>\n\n\n\n<p>Se\u00f1al\u00f3 que al d\u00eda llega a sacar cerca de 150 pesos, pero depende de la temporada y d\u00eda de la semana, pues en \u201cun d\u00eda bueno\u201d puede llegar a ganar hasta 200 pesos, pues la gente le da 10 o hasta 20 pesos por estacionar su carro por seis horas.<\/p>\n\n\n\n<p>Por su parte, Oscar D\u00edaz Rojas, quien lleva 13 a\u00f1os dedic\u00e1ndose al oficio de franelero expuso que la oferta de trabajo del ayuntamiento era buena, por eso cuando se enter\u00f3 acudi\u00f3 a las oficinas a preguntar, pero solamente le pidieron su n\u00famero de tel\u00e9fono.<\/p>\n\n\n\n<p>\u201cMe comentaron que hasta que ellos nos llamar\u00e1n, ya nos dec\u00edan qu\u00e9 papeles ten\u00edamos que llevar. Pero es la fecha que nunca recib\u00ed una respuesta. La mayor\u00eda de la gente que contrataron no son franeleros; son gente que trabaja en el ayuntamiento, porque en las calles nunca los vimos. Preguntando entre compa\u00f1eros vemos que a ninguno lo aceptaron\u201d, declar\u00f3.<\/p>\n\n\n\n<p>Apunt\u00f3 que con la puesta en marcha de los parqu\u00edmetros sus ingresos se ver\u00e1n disminuidos pues si a la semana llegaba a sacar entre 1 mil 200 hasta 1 mil 600 pesos, ahora solo podr\u00eda llegar a los 500 pesos, debido a que muchas calles est\u00e1n marcadas como cajones de estacionamiento y ya no podr\u00eda seguir como franelero en el primer cuadro de la ciudad.<\/p>\n\n\n\n<p>\u201cBuscare otro trabajo, pero el estar como franelero si era un apoyo; aparte, la gente del Centro Hist\u00f3rico ya nos conoc\u00eda, nos ten\u00eda la confianza, nos dejaban sus llaves para lavarlo. Pero tenemos que buscar otro lado ya sea como valet parking u otro empleo, porque padezco miop\u00eda y por mi condici\u00f3n tampoco es f\u00e1cil que me acepten en otro lado\u201d, dijo.<\/p>\n\n\n\n<p>Por otra parte, en las calles donde est\u00e1n pintados los cajones de estacionamiento, el se\u00f1alamiento horizontal y vertical lucen despintados, pues ya no se llega observar con claridad.<\/p>\n\n\n\n<p>En entrevista, el ciudadano Jos\u00e9 Gonzales se\u00f1al\u00f3 que existe un conflicto con la identificaci\u00f3n de los parqu\u00edmetros, pues no hay una se\u00f1al\u00e9tica correcta que indiqu\u00e9 que pueden hacer uso de ellos.<\/p>\n\n\n\n<p>Expres\u00f3 que muchos se siguen estacionando como quieren, pasando las l\u00edneas ya marcadas para los parqu\u00edmetros, pues considera que algunos est\u00e1n muy peque\u00f1os, adem\u00e1s de que otros automovilistas no tienen una cultura vial.<\/p>\n","protected":false},"excerpt":{"rendered":"<p>Ser\u00e1 a partir de este viernes 3 de junio cuando inicie la operaci\u00f3n del sistema de parqu\u00edmetros en el centro de la ciudad de Puebla y todo el mes de junio no se levantar\u00e1n multas, inform\u00f3 el Ayuntamiento. Mientras tanto, en el centro de Puebla a\u00fan se observa la presencia de los llamados \u201cviene-viene\u201d o [&hellip;]<\/p>\n","protected":false},"author":4,"featured_media":7583,"comment_status":"open","ping_status":"open","sticky":false,"template":"","format":"standard","meta":{"om_disable_all_campaigns":false,"_monsterinsights_skip_tracking":false,"_monsterinsights_sitenote_active":false,"_monsterinsights_sitenote_note":"","_monsterinsights_sitenote_category":0,"footnotes":""},"categories":[175],"tags":[195,223],"class_list":["post-7582","post","type-post","status-publish","format-standard","has-post-thumbnail","hentry","category-local","tag-principal","tag-puebla"],"amp_enabled":true,"_links":{"self":[{"href":"https:\/\/lahora.mx\/index.php\/wp-json\/wp\/v2\/posts\/7582","targetHints":{"allow":["GET"]}}],"collection":[{"href":"https:\/\/lahora.mx\/index.php\/wp-json\/wp\/v2\/posts"}],"about":[{"href":"https:\/\/lahora.mx\/index.php\/wp-json\/wp\/v2\/types\/post"}],"author":[{"embeddable":true,"href":"https:\/\/lahora.mx\/index.php\/wp-json\/wp\/v2\/users\/4"}],"replies":[{"embeddable":true,"href":"https:\/\/lahora.mx\/index.php\/wp-json\/wp\/v2\/comments?post=7582"}],"version-history":[{"count":1,"href":"https:\/\/lahora.mx\/index.php\/wp-json\/wp\/v2\/posts\/7582\/revisions"}],"predecessor-version":[{"id":7584,"href":"https:\/\/lahora.mx\/index.php\/wp-json\/wp\/v2\/posts\/7582\/revisions\/7584"}],"wp:featuredmedia":[{"embeddable":true,"href":"https:\/\/lahora.mx\/index.php\/wp-json\/wp\/v2\/media\/7583"}],"wp:attachment":[{"href":"https:\/\/lahora.mx\/index.php\/wp-json\/wp\/v2\/media?parent=7582"}],"wp:term":[{"taxonomy":"category","embeddable":true,"href":"https:\/\/lahora.mx\/index.php\/wp-json\/wp\/v2\/categories?post=7582"},{"taxonomy":"post_tag","embeddable":true,"href":"https:\/\/lahora.mx\/index.php\/wp-json\/wp\/v2\/tags?post=7582"}],"curies":[{"name":"wp","href":"https:\/\/api.w.org\/{rel}","templated":true}]}}