{"id":75813,"date":"2026-01-28T22:25:36","date_gmt":"2026-01-28T22:25:36","guid":{"rendered":"https:\/\/lahora.mx\/?p=75813"},"modified":"2026-01-28T22:25:37","modified_gmt":"2026-01-28T22:25:37","slug":"cantidad-de-franeleros-en-puebla-es-innumerable-y-no-se-les-puede-regular-ayuntamiento","status":"publish","type":"post","link":"https:\/\/lahora.mx\/index.php\/2026\/01\/28\/cantidad-de-franeleros-en-puebla-es-innumerable-y-no-se-les-puede-regular-ayuntamiento\/","title":{"rendered":"Cantidad de franeleros en Puebla es innumerable y no se les puede regular: Ayuntamiento"},"content":{"rendered":"\n<p>La cantidad de franeleros que opera en la ciudad de Puebla es \u201cinnumerable\u201d y no existe una v\u00eda legal para regularlos sin otorgarles derechos jur\u00eddicos que despu\u00e9s dificulten su retiro. As\u00ed lo reconoci\u00f3 el secretario de Gobernaci\u00f3n municipal, Franco Rodr\u00edguez.<\/p>\n\n\n\n<p>Lo anterior, luego de la agresi\u00f3n que sufri\u00f3 el equipo de Imagen Televisi\u00f3n Puebla en el Centro Hist\u00f3rico, mientras documentaba el apartado ilegal de lugares.<\/p>\n\n\n\n<p>Durante una rueda de prensa, el funcionario conden\u00f3 los hechos y dej\u00f3 en claro que el Ayuntamiento rechaza cualquier acto de violencia. Tanto hacia medios de comunicaci\u00f3n como hacia ciudadanos y servidores p\u00fablicos.<\/p>\n\n\n\n<p>Y es que Rodr\u00edguez explic\u00f3 que el problema no se limita a un solo caso. Incluso trabajadores de la comuna han sido v\u00edctimas de agresiones durante operativos en la v\u00eda p\u00fablica.<\/p>\n\n\n\n<p>De hecho, existen cuatro denuncias por ataques a inspectores de movilidad. Una ya se encuentra en proceso de reparaci\u00f3n del da\u00f1o y tres m\u00e1s contin\u00faan abiertas ante la Fiscal\u00eda General del Estado (FGE).<\/p>\n\n\n\n<p>En el caso espec\u00edfico del camar\u00f3grafo y la reportera, confirm\u00f3 que ambos presentaron las querellas pertinentes. Ello, pese a que hubo un acercamiento por parte de los responsables para reparar el da\u00f1o.<\/p>\n\n\n\n<p>Sin embargo, precis\u00f3 que esto no frena las investigaciones, las cuales siguen su curso.<\/p>\n\n\n\n<p>El secretario indic\u00f3 que el gobierno de la ciudad mantiene operativos permanentes en zonas donde esta pr\u00e1ctica es m\u00e1s recurrente. Entre ellas el Centro Hist\u00f3rico, Chulavista, Volcanes, Ju\u00e1rez, la Arena Puebla, el Estadio Cuauht\u00e9moc, la Feria de Puebla y otras calles con alta afluencia de personas.<\/p>\n\n\n\n<p>En estas acciones participan de manera coordinada las \u00e1reas de Movilidad, Infraestructura, Seguridad Ciudadana, V\u00eda P\u00fablica y Normatividad.<\/p>\n\n\n\n<p>Franeleros que invaden la ciudad de Puebla no pueden ser regularizados por la gran cantidad que hay<br>Ante la problem\u00e1tica, explic\u00f3 el motivo por el cual no se puede hablar de una regulaci\u00f3n. Record\u00f3 que en administraciones pasadas se intent\u00f3 formalizar esta actividad y eso deriv\u00f3 en amparos.<\/p>\n\n\n\n<p>Cuando se hace una regularizaci\u00f3n oficial, se les generan derechos jur\u00eddicos que luego impiden su retiro permanente\u201d, explic\u00f3. Por ello, sostuvo que actualmente la \u00fanica opci\u00f3n es la aplicaci\u00f3n estricta de la ley.<\/p>\n\n\n\n<p>El funcionario reconoci\u00f3 que hay personas que buscan obtener ingresos de manera honesta, pero subray\u00f3 que tambi\u00e9n existen conductas que no pueden tolerarse.<\/p>\n\n\n\n<p>No se puede confundir el trabajo digno con actos delincuenciales\u201d, afirm\u00f3, al se\u00f1alar que cualquier agresi\u00f3n debe tratarse como delito.<\/p>\n\n\n\n<p>Respecto a los se\u00f1alamientos contra organizaciones como Fuerza 2000, neg\u00f3 que exista alg\u00fan pacto o acuerdo. Aclar\u00f3 que, aunque dicha agrupaci\u00f3n se deslind\u00f3 de lo sucedido, todo ocurri\u00f3 en una zona donde tiene presencia.<\/p>\n\n\n\n<p>No hay ning\u00fan acuerdo con ninguna organizaci\u00f3n\u201d, enfatiz\u00f3. Y a\u00f1adi\u00f3 que tambi\u00e9n deben asumir responsabilidad por lo que se suscita en los espacios donde operan.<\/p>\n\n\n\n<p>Finalmente, reiter\u00f3 que la estrategia municipal continuar\u00e1 enfocada en hacer cumplir las reglas, retirar apartados y aplicar sanciones. Estas van de aproximadamente mil 200 a casi 4 mil pesos y arrestos administrativos de 24 a 36 horas<\/p>\n\n\n\n<p>A\u00f1adi\u00f3 que uno de los prop\u00f3sitos de los parqu\u00edmetros es la democratizaci\u00f3n del entorno. Por ello se privilegia a los usuarios las tres primeras horas de manera gratuita.<\/p>\n","protected":false},"excerpt":{"rendered":"<p>La cantidad de franeleros que opera en la ciudad de Puebla es \u201cinnumerable\u201d y no existe una v\u00eda legal para regularlos sin otorgarles derechos jur\u00eddicos que despu\u00e9s dificulten su retiro. As\u00ed lo reconoci\u00f3 el secretario de Gobernaci\u00f3n municipal, Franco Rodr\u00edguez. Lo anterior, luego de la agresi\u00f3n que sufri\u00f3 el equipo de Imagen Televisi\u00f3n Puebla en [&hellip;]<\/p>\n","protected":false},"author":1,"featured_media":75814,"comment_status":"open","ping_status":"open","sticky":false,"template":"","format":"standard","meta":{"om_disable_all_campaigns":false,"_monsterinsights_skip_tracking":false,"_monsterinsights_sitenote_active":false,"_monsterinsights_sitenote_note":"","_monsterinsights_sitenote_category":0,"footnotes":""},"categories":[175],"tags":[195,223],"class_list":["post-75813","post","type-post","status-publish","format-standard","has-post-thumbnail","hentry","category-local","tag-principal","tag-puebla"],"amp_enabled":true,"_links":{"self":[{"href":"https:\/\/lahora.mx\/index.php\/wp-json\/wp\/v2\/posts\/75813","targetHints":{"allow":["GET"]}}],"collection":[{"href":"https:\/\/lahora.mx\/index.php\/wp-json\/wp\/v2\/posts"}],"about":[{"href":"https:\/\/lahora.mx\/index.php\/wp-json\/wp\/v2\/types\/post"}],"author":[{"embeddable":true,"href":"https:\/\/lahora.mx\/index.php\/wp-json\/wp\/v2\/users\/1"}],"replies":[{"embeddable":true,"href":"https:\/\/lahora.mx\/index.php\/wp-json\/wp\/v2\/comments?post=75813"}],"version-history":[{"count":1,"href":"https:\/\/lahora.mx\/index.php\/wp-json\/wp\/v2\/posts\/75813\/revisions"}],"predecessor-version":[{"id":75815,"href":"https:\/\/lahora.mx\/index.php\/wp-json\/wp\/v2\/posts\/75813\/revisions\/75815"}],"wp:featuredmedia":[{"embeddable":true,"href":"https:\/\/lahora.mx\/index.php\/wp-json\/wp\/v2\/media\/75814"}],"wp:attachment":[{"href":"https:\/\/lahora.mx\/index.php\/wp-json\/wp\/v2\/media?parent=75813"}],"wp:term":[{"taxonomy":"category","embeddable":true,"href":"https:\/\/lahora.mx\/index.php\/wp-json\/wp\/v2\/categories?post=75813"},{"taxonomy":"post_tag","embeddable":true,"href":"https:\/\/lahora.mx\/index.php\/wp-json\/wp\/v2\/tags?post=75813"}],"curies":[{"name":"wp","href":"https:\/\/api.w.org\/{rel}","templated":true}]}}