{"id":75810,"date":"2026-01-28T22:24:40","date_gmt":"2026-01-28T22:24:40","guid":{"rendered":"https:\/\/lahora.mx\/?p=75810"},"modified":"2026-01-28T22:24:41","modified_gmt":"2026-01-28T22:24:41","slug":"explota-caldera-en-banos-las-termas-de-la-colonia-martires-del-trabajo","status":"publish","type":"post","link":"https:\/\/lahora.mx\/index.php\/2026\/01\/28\/explota-caldera-en-banos-las-termas-de-la-colonia-martires-del-trabajo\/","title":{"rendered":"Explota caldera en ba\u00f1os Las Termas de la colonia M\u00e1rtires del Trabajo"},"content":{"rendered":"\n<p>La tarde de este mi\u00e9rcoles 28 de enero se registr\u00f3 la explosi\u00f3n de una caldera en los ba\u00f1os Las Termas ubicados en la colonia M\u00e1rtires del Trabajo en la ciudad de Puebla.<\/p>\n\n\n\n<p>Alrededor de 14:00 horas vecinos de la calle 28 Poniente reportaron a los n\u00fameros de emergencia un fuerte estruendo que sacudi\u00f3 puertas y ventanas.<\/p>\n\n\n\n<p>Al salir de sus domicilios se percataron que sobre la v\u00eda p\u00fablica hab\u00eda una estructura met\u00e1lica. As\u00ed como un enorme boquete en el segundo piso del inmueble que brinda el servicio.<\/p>\n\n\n\n<p>Bomberos de la Secretar\u00eda de Seguridad P\u00fablica (SSP) acudieron de inmediato a atender la emergencia. Al llegar, se percataron de los da\u00f1os e iniciaron trabajos de control y mitigaci\u00f3n de riesgos.<\/p>\n\n\n\n<p>La explosi\u00f3n dej\u00f3 como saldo una persona de la tercera edad lesionada, por lo que se solicit\u00f3 apoyo de los servicios de emergencias.<\/p>\n\n\n\n<p>Los primeros reportes indican que se trat\u00f3 de la explosi\u00f3n de una caldera ya que no aguant\u00f3 la presi\u00f3n del vapor y expuls\u00f3 la tapa de la estructura.<\/p>\n","protected":false},"excerpt":{"rendered":"<p>La tarde de este mi\u00e9rcoles 28 de enero se registr\u00f3 la explosi\u00f3n de una caldera en los ba\u00f1os Las Termas ubicados en la colonia M\u00e1rtires del Trabajo en la ciudad de Puebla. Alrededor de 14:00 horas vecinos de la calle 28 Poniente reportaron a los n\u00fameros de emergencia un fuerte estruendo que sacudi\u00f3 puertas y [&hellip;]<\/p>\n","protected":false},"author":1,"featured_media":75811,"comment_status":"open","ping_status":"open","sticky":false,"template":"","format":"standard","meta":{"om_disable_all_campaigns":false,"_monsterinsights_skip_tracking":false,"_monsterinsights_sitenote_active":false,"_monsterinsights_sitenote_note":"","_monsterinsights_sitenote_category":0,"footnotes":""},"categories":[226],"tags":[],"class_list":["post-75810","post","type-post","status-publish","format-standard","has-post-thumbnail","hentry","category-policia"],"amp_enabled":true,"_links":{"self":[{"href":"https:\/\/lahora.mx\/index.php\/wp-json\/wp\/v2\/posts\/75810","targetHints":{"allow":["GET"]}}],"collection":[{"href":"https:\/\/lahora.mx\/index.php\/wp-json\/wp\/v2\/posts"}],"about":[{"href":"https:\/\/lahora.mx\/index.php\/wp-json\/wp\/v2\/types\/post"}],"author":[{"embeddable":true,"href":"https:\/\/lahora.mx\/index.php\/wp-json\/wp\/v2\/users\/1"}],"replies":[{"embeddable":true,"href":"https:\/\/lahora.mx\/index.php\/wp-json\/wp\/v2\/comments?post=75810"}],"version-history":[{"count":1,"href":"https:\/\/lahora.mx\/index.php\/wp-json\/wp\/v2\/posts\/75810\/revisions"}],"predecessor-version":[{"id":75812,"href":"https:\/\/lahora.mx\/index.php\/wp-json\/wp\/v2\/posts\/75810\/revisions\/75812"}],"wp:featuredmedia":[{"embeddable":true,"href":"https:\/\/lahora.mx\/index.php\/wp-json\/wp\/v2\/media\/75811"}],"wp:attachment":[{"href":"https:\/\/lahora.mx\/index.php\/wp-json\/wp\/v2\/media?parent=75810"}],"wp:term":[{"taxonomy":"category","embeddable":true,"href":"https:\/\/lahora.mx\/index.php\/wp-json\/wp\/v2\/categories?post=75810"},{"taxonomy":"post_tag","embeddable":true,"href":"https:\/\/lahora.mx\/index.php\/wp-json\/wp\/v2\/tags?post=75810"}],"curies":[{"name":"wp","href":"https:\/\/api.w.org\/{rel}","templated":true}]}}