{"id":75797,"date":"2026-01-28T21:00:43","date_gmt":"2026-01-28T21:00:43","guid":{"rendered":"https:\/\/lahora.mx\/?p=75797"},"modified":"2026-01-28T21:00:44","modified_gmt":"2026-01-28T21:00:44","slug":"retiran-47-comercios-en-puebla-capital-por-fugas-de-gas-tras-inspecciones","status":"publish","type":"post","link":"https:\/\/lahora.mx\/index.php\/2026\/01\/28\/retiran-47-comercios-en-puebla-capital-por-fugas-de-gas-tras-inspecciones\/","title":{"rendered":"Retiran 47 comercios en Puebla capital por fugas de gas tras inspecciones"},"content":{"rendered":"\n<p>El secretario general del Ayuntamiento de Puebla, Franco Rodr\u00edguez \u00c1lvarez, inform\u00f3 que 47 establecimientos comerciales han sido retirados de la v\u00eda p\u00fablica o suspendidos tras la detecci\u00f3n de fugas de gas y deficiencias en sus instalaciones.<\/p>\n\n\n\n<p>La medida es resultado de un operativo de supervisi\u00f3n que suma, hasta la fecha, m\u00e1s de 270 inspecciones realizadas por las autoridades municipales en diversos puntos de la capital poblana.<br>De acuerdo con el funcionario municipal, las revisiones se centraron en verificar las condiciones de seguridad de los puestos y locales que manejan hidrocarburos para la preparaci\u00f3n de alimentos.<\/p>\n\n\n\n<p>\u201cHan sido 47 comercios retirados tras detectar fugas de gas, derivado de m\u00e1s de 270 inspecciones que hicieron las autoridades municipales de Puebla\u201d, declar\u00f3.<\/p>\n\n\n\n<p>Detall\u00f3 que el personal t\u00e9cnico de Protecci\u00f3n Civil y las \u00e1reas normativas mantienen un despliegue constante para asegurar el cumplimiento de las medidas de seguridad.<\/p>\n\n\n\n<p>Los comercios que presentaron irregularidades fueron desalojados al representar un peligro inmediato para los transe\u00fantes y los propios locatarios.<\/p>\n\n\n\n<p>Las autoridades municipales confirmaron que los operativos continuar\u00e1n de manera aleatoria en las juntas auxiliares y el centro hist\u00f3rico para regularizar la situaci\u00f3n de los comerciantes y garantizar el orden en el espacio p\u00fablico.<\/p>\n","protected":false},"excerpt":{"rendered":"<p>El secretario general del Ayuntamiento de Puebla, Franco Rodr\u00edguez \u00c1lvarez, inform\u00f3 que 47 establecimientos comerciales han sido retirados de la v\u00eda p\u00fablica o suspendidos tras la detecci\u00f3n de fugas de gas y deficiencias en sus instalaciones. La medida es resultado de un operativo de supervisi\u00f3n que suma, hasta la fecha, m\u00e1s de 270 inspecciones realizadas [&hellip;]<\/p>\n","protected":false},"author":1,"featured_media":75798,"comment_status":"open","ping_status":"open","sticky":false,"template":"","format":"standard","meta":{"om_disable_all_campaigns":false,"_monsterinsights_skip_tracking":false,"_monsterinsights_sitenote_active":false,"_monsterinsights_sitenote_note":"","_monsterinsights_sitenote_category":0,"footnotes":""},"categories":[175],"tags":[195,223],"class_list":["post-75797","post","type-post","status-publish","format-standard","has-post-thumbnail","hentry","category-local","tag-principal","tag-puebla"],"amp_enabled":true,"_links":{"self":[{"href":"https:\/\/lahora.mx\/index.php\/wp-json\/wp\/v2\/posts\/75797","targetHints":{"allow":["GET"]}}],"collection":[{"href":"https:\/\/lahora.mx\/index.php\/wp-json\/wp\/v2\/posts"}],"about":[{"href":"https:\/\/lahora.mx\/index.php\/wp-json\/wp\/v2\/types\/post"}],"author":[{"embeddable":true,"href":"https:\/\/lahora.mx\/index.php\/wp-json\/wp\/v2\/users\/1"}],"replies":[{"embeddable":true,"href":"https:\/\/lahora.mx\/index.php\/wp-json\/wp\/v2\/comments?post=75797"}],"version-history":[{"count":1,"href":"https:\/\/lahora.mx\/index.php\/wp-json\/wp\/v2\/posts\/75797\/revisions"}],"predecessor-version":[{"id":75799,"href":"https:\/\/lahora.mx\/index.php\/wp-json\/wp\/v2\/posts\/75797\/revisions\/75799"}],"wp:featuredmedia":[{"embeddable":true,"href":"https:\/\/lahora.mx\/index.php\/wp-json\/wp\/v2\/media\/75798"}],"wp:attachment":[{"href":"https:\/\/lahora.mx\/index.php\/wp-json\/wp\/v2\/media?parent=75797"}],"wp:term":[{"taxonomy":"category","embeddable":true,"href":"https:\/\/lahora.mx\/index.php\/wp-json\/wp\/v2\/categories?post=75797"},{"taxonomy":"post_tag","embeddable":true,"href":"https:\/\/lahora.mx\/index.php\/wp-json\/wp\/v2\/tags?post=75797"}],"curies":[{"name":"wp","href":"https:\/\/api.w.org\/{rel}","templated":true}]}}