{"id":75791,"date":"2026-01-28T20:00:57","date_gmt":"2026-01-28T20:00:57","guid":{"rendered":"https:\/\/lahora.mx\/?p=75791"},"modified":"2026-01-28T20:00:58","modified_gmt":"2026-01-28T20:00:58","slug":"por-segunda-ocasion-habra-despidos-a-nivel-mundial-en-amazon","status":"publish","type":"post","link":"https:\/\/lahora.mx\/index.php\/2026\/01\/28\/por-segunda-ocasion-habra-despidos-a-nivel-mundial-en-amazon\/","title":{"rendered":"Por segunda ocasi\u00f3n habr\u00e1 despidos a nivel mundial en Amazon"},"content":{"rendered":"\n<p>Amazon se encuentra en una reestructuraci\u00f3n despu\u00e9s de la sobrecontrataci\u00f3n durante la pandemia y ampl\u00eda la adopci\u00f3n de herramientas de inteligencia artificial, es por eso que, dio a conocer que recortar\u00e1 16 mil puestos de trabajo a nivel mundial.<\/p>\n\n\n\n<p>Esta es la segunda ronda de recortes de empleo, con el objetivo de recortar 30 mil puestos corporativos.<br>Los despidos se espera que afecten a los trabajadores de Amazon Web Services, venta al por menor, Prime Video y departamentos de recursos humanos.<\/p>\n\n\n\n<p>Con este despido masivo tambi\u00e9n se muestra como la inteligencia artificial est\u00e1 cambiando de din\u00e1mica de la mano de obra corporativa.<\/p>\n\n\n\n<p>Las mejoras significativas en los asistentes de IA est\u00e1n ayudando a las empresas a ejecutar tareas que van desde administrativas rutinarias a complejos problemas de codificaci\u00f3n con rapidez y precisi\u00f3n, impulsando su adopci\u00f3n generalizada.<\/p>\n\n\n\n<p>Los gigantes tecnol\u00f3gicos, entre ellos Amazon, Meta Platforms, matriz de Facebook, y Microsoft, hab\u00edan aumentado dr\u00e1sticamente las contrataciones durante el auge de la demanda por la pandemia de covid-19 y \u00faltimamente han estado reestructurando sus plantillas.<\/p>\n\n\n\n<p>Amazon tambi\u00e9n ha estado invirtiendo en rob\u00f3tica en sus almacenes para acelerar el empaquetado y las entregas para su segmento de comercio electr\u00f3nico, reducir la dependencia de la mano de obra humana y recortar costos.<\/p>\n","protected":false},"excerpt":{"rendered":"<p>Amazon se encuentra en una reestructuraci\u00f3n despu\u00e9s de la sobrecontrataci\u00f3n durante la pandemia y ampl\u00eda la adopci\u00f3n de herramientas de inteligencia artificial, es por eso que, dio a conocer que recortar\u00e1 16 mil puestos de trabajo a nivel mundial. Esta es la segunda ronda de recortes de empleo, con el objetivo de recortar 30 mil [&hellip;]<\/p>\n","protected":false},"author":1,"featured_media":75792,"comment_status":"open","ping_status":"open","sticky":false,"template":"","format":"standard","meta":{"om_disable_all_campaigns":false,"_monsterinsights_skip_tracking":false,"_monsterinsights_sitenote_active":false,"_monsterinsights_sitenote_note":"","_monsterinsights_sitenote_category":0,"footnotes":""},"categories":[2],"tags":[],"class_list":["post-75791","post","type-post","status-publish","format-standard","has-post-thumbnail","hentry","category-negocios"],"amp_enabled":true,"_links":{"self":[{"href":"https:\/\/lahora.mx\/index.php\/wp-json\/wp\/v2\/posts\/75791","targetHints":{"allow":["GET"]}}],"collection":[{"href":"https:\/\/lahora.mx\/index.php\/wp-json\/wp\/v2\/posts"}],"about":[{"href":"https:\/\/lahora.mx\/index.php\/wp-json\/wp\/v2\/types\/post"}],"author":[{"embeddable":true,"href":"https:\/\/lahora.mx\/index.php\/wp-json\/wp\/v2\/users\/1"}],"replies":[{"embeddable":true,"href":"https:\/\/lahora.mx\/index.php\/wp-json\/wp\/v2\/comments?post=75791"}],"version-history":[{"count":1,"href":"https:\/\/lahora.mx\/index.php\/wp-json\/wp\/v2\/posts\/75791\/revisions"}],"predecessor-version":[{"id":75793,"href":"https:\/\/lahora.mx\/index.php\/wp-json\/wp\/v2\/posts\/75791\/revisions\/75793"}],"wp:featuredmedia":[{"embeddable":true,"href":"https:\/\/lahora.mx\/index.php\/wp-json\/wp\/v2\/media\/75792"}],"wp:attachment":[{"href":"https:\/\/lahora.mx\/index.php\/wp-json\/wp\/v2\/media?parent=75791"}],"wp:term":[{"taxonomy":"category","embeddable":true,"href":"https:\/\/lahora.mx\/index.php\/wp-json\/wp\/v2\/categories?post=75791"},{"taxonomy":"post_tag","embeddable":true,"href":"https:\/\/lahora.mx\/index.php\/wp-json\/wp\/v2\/tags?post=75791"}],"curies":[{"name":"wp","href":"https:\/\/api.w.org\/{rel}","templated":true}]}}