{"id":75785,"date":"2026-01-28T19:58:49","date_gmt":"2026-01-28T19:58:49","guid":{"rendered":"https:\/\/lahora.mx\/?p=75785"},"modified":"2026-01-28T19:58:50","modified_gmt":"2026-01-28T19:58:50","slug":"puebla-actua-con-legalidad-tolerancia-y-dialogo","status":"publish","type":"post","link":"https:\/\/lahora.mx\/index.php\/2026\/01\/28\/puebla-actua-con-legalidad-tolerancia-y-dialogo\/","title":{"rendered":"Puebla act\u00faa con legalidad, tolerancia y di\u00e1logo"},"content":{"rendered":"\n<p>Al asegurar que el Gobierno del Estado de Puebla es respetuoso de la libertad de tr\u00e1nsito y expresi\u00f3n de las organizaciones sociales, el gobernador Alejandro Armenta puntualiz\u00f3 que la actuaci\u00f3n de esta administraci\u00f3n se rige por la tolerancia y el di\u00e1logo permanente, sin recurrir en pr\u00e1cticas represivas, siempre a favor del orden y del respeto a la ley.<\/p>\n\n\n\n<p>Alejandro Armenta reiter\u00f3 que no existe persecuci\u00f3n, pero tampoco omisi\u00f3n, ya que constituye complicidad. Afirm\u00f3 que el Gobierno del Estado de Puebla no est\u00e1 de rodillas frente a nadie y reafirm\u00f3 que su compromiso es con la legalidad y el respeto a los derechos humanos.<\/p>\n\n\n\n<p>\u00abNadie est\u00e1 por encima de la ley\u00bb, enfatiz\u00f3 el gobernador, ya que dijo que no importan v\u00ednculos familiares, cargos p\u00fablicos o pertenencia a organizaciones sociales o pol\u00edticas, pues quien cometa un delito deber\u00e1 asumir plenamente las consecuencias de sus actos, dado que la obligaci\u00f3n de las autoridades es proteger y garantizar los derechos sociales, as\u00ed como hacer que estos se respeten.<\/p>\n\n\n\n<p>Finalmente, refiri\u00f3 que la administraci\u00f3n estatal cumple con el art\u00edculo primero de la Constituci\u00f3n Pol\u00edtica de los Estados Unidos Mexicanos, al proteger, respetar y garantizar los derechos humanos. Asimismo, afirm\u00f3 que se respeta el art\u00edculo 17 constitucional, el cual establece que nadie puede hacerse justicia por su propia mano ni ejercer violencia para reclamar un derecho.<\/p>\n","protected":false},"excerpt":{"rendered":"<p>Al asegurar que el Gobierno del Estado de Puebla es respetuoso de la libertad de tr\u00e1nsito y expresi\u00f3n de las organizaciones sociales, el gobernador Alejandro Armenta puntualiz\u00f3 que la actuaci\u00f3n de esta administraci\u00f3n se rige por la tolerancia y el di\u00e1logo permanente, sin recurrir en pr\u00e1cticas represivas, siempre a favor del orden y del respeto [&hellip;]<\/p>\n","protected":false},"author":1,"featured_media":75786,"comment_status":"open","ping_status":"open","sticky":false,"template":"","format":"standard","meta":{"om_disable_all_campaigns":false,"_monsterinsights_skip_tracking":false,"_monsterinsights_sitenote_active":false,"_monsterinsights_sitenote_note":"","_monsterinsights_sitenote_category":0,"footnotes":""},"categories":[175],"tags":[239,195,223],"class_list":["post-75785","post","type-post","status-publish","format-standard","has-post-thumbnail","hentry","category-local","tag-gobierno","tag-principal","tag-puebla"],"amp_enabled":true,"_links":{"self":[{"href":"https:\/\/lahora.mx\/index.php\/wp-json\/wp\/v2\/posts\/75785","targetHints":{"allow":["GET"]}}],"collection":[{"href":"https:\/\/lahora.mx\/index.php\/wp-json\/wp\/v2\/posts"}],"about":[{"href":"https:\/\/lahora.mx\/index.php\/wp-json\/wp\/v2\/types\/post"}],"author":[{"embeddable":true,"href":"https:\/\/lahora.mx\/index.php\/wp-json\/wp\/v2\/users\/1"}],"replies":[{"embeddable":true,"href":"https:\/\/lahora.mx\/index.php\/wp-json\/wp\/v2\/comments?post=75785"}],"version-history":[{"count":1,"href":"https:\/\/lahora.mx\/index.php\/wp-json\/wp\/v2\/posts\/75785\/revisions"}],"predecessor-version":[{"id":75787,"href":"https:\/\/lahora.mx\/index.php\/wp-json\/wp\/v2\/posts\/75785\/revisions\/75787"}],"wp:featuredmedia":[{"embeddable":true,"href":"https:\/\/lahora.mx\/index.php\/wp-json\/wp\/v2\/media\/75786"}],"wp:attachment":[{"href":"https:\/\/lahora.mx\/index.php\/wp-json\/wp\/v2\/media?parent=75785"}],"wp:term":[{"taxonomy":"category","embeddable":true,"href":"https:\/\/lahora.mx\/index.php\/wp-json\/wp\/v2\/categories?post=75785"},{"taxonomy":"post_tag","embeddable":true,"href":"https:\/\/lahora.mx\/index.php\/wp-json\/wp\/v2\/tags?post=75785"}],"curies":[{"name":"wp","href":"https:\/\/api.w.org\/{rel}","templated":true}]}}