{"id":75782,"date":"2026-01-28T19:57:54","date_gmt":"2026-01-28T19:57:54","guid":{"rendered":"https:\/\/lahora.mx\/?p=75782"},"modified":"2026-01-28T19:57:55","modified_gmt":"2026-01-28T19:57:55","slug":"muere-persona-abordo-de-autobus-en-la-mexico-puebla","status":"publish","type":"post","link":"https:\/\/lahora.mx\/index.php\/2026\/01\/28\/muere-persona-abordo-de-autobus-en-la-mexico-puebla\/","title":{"rendered":"Muere persona abordo de autob\u00fas en la M\u00e9xico-Puebla"},"content":{"rendered":"\n<p><strong>La ma\u00f1ana de este mi\u00e9rcoles una fuerte movilizaci\u00f3n de elementos de seguridad se present\u00f3 sobre la autopista M\u00e9xico\u2013Puebla, tras el reporte de una persona inconsciente al interior de un autob\u00fas de pasajeros.<\/strong><\/p>\n\n\n\n<p>El hecho se present\u00f3 a la altura del entronque con la carretera federal a Tlaxcala, luego de que reportes de testigos que viajaban a bordo de la unidad, se\u00f1alan que el hombre comenz\u00f3 a presentar convulsiones mientras la unidad se encontraba en circulaci\u00f3n, por lo que el conductor detuvo su marcha y solicit\u00f3 apoyo m\u00e9dico.\u00a0<br>Minutos m\u00e1s tarde arribaron param\u00e9dicos quienes realizaron las valoraciones correspondientes, sin embargo, se confirm\u00f3 que la persona de quien hasta el momento se desconoce su identidad, ya no contaba con signos vitales.<\/p>\n\n\n\n<p>El \u00e1rea fue acordonada en espera de las autoridades ministeriales, quienes realizaron las diligencias de ley y el levantamiento del cuerpo.<\/p>\n","protected":false},"excerpt":{"rendered":"<p>La ma\u00f1ana de este mi\u00e9rcoles una fuerte movilizaci\u00f3n de elementos de seguridad se present\u00f3 sobre la autopista M\u00e9xico\u2013Puebla, tras el reporte de una persona inconsciente al interior de un autob\u00fas de pasajeros. El hecho se present\u00f3 a la altura del entronque con la carretera federal a Tlaxcala, luego de que reportes de testigos que viajaban [&hellip;]<\/p>\n","protected":false},"author":1,"featured_media":75784,"comment_status":"open","ping_status":"open","sticky":false,"template":"","format":"standard","meta":{"om_disable_all_campaigns":false,"_monsterinsights_skip_tracking":false,"_monsterinsights_sitenote_active":false,"_monsterinsights_sitenote_note":"","_monsterinsights_sitenote_category":0,"footnotes":""},"categories":[175,1],"tags":[],"class_list":["post-75782","post","type-post","status-publish","format-standard","has-post-thumbnail","hentry","category-local","category-sin-categoria"],"amp_enabled":true,"_links":{"self":[{"href":"https:\/\/lahora.mx\/index.php\/wp-json\/wp\/v2\/posts\/75782","targetHints":{"allow":["GET"]}}],"collection":[{"href":"https:\/\/lahora.mx\/index.php\/wp-json\/wp\/v2\/posts"}],"about":[{"href":"https:\/\/lahora.mx\/index.php\/wp-json\/wp\/v2\/types\/post"}],"author":[{"embeddable":true,"href":"https:\/\/lahora.mx\/index.php\/wp-json\/wp\/v2\/users\/1"}],"replies":[{"embeddable":true,"href":"https:\/\/lahora.mx\/index.php\/wp-json\/wp\/v2\/comments?post=75782"}],"version-history":[{"count":1,"href":"https:\/\/lahora.mx\/index.php\/wp-json\/wp\/v2\/posts\/75782\/revisions"}],"predecessor-version":[{"id":75783,"href":"https:\/\/lahora.mx\/index.php\/wp-json\/wp\/v2\/posts\/75782\/revisions\/75783"}],"wp:featuredmedia":[{"embeddable":true,"href":"https:\/\/lahora.mx\/index.php\/wp-json\/wp\/v2\/media\/75784"}],"wp:attachment":[{"href":"https:\/\/lahora.mx\/index.php\/wp-json\/wp\/v2\/media?parent=75782"}],"wp:term":[{"taxonomy":"category","embeddable":true,"href":"https:\/\/lahora.mx\/index.php\/wp-json\/wp\/v2\/categories?post=75782"},{"taxonomy":"post_tag","embeddable":true,"href":"https:\/\/lahora.mx\/index.php\/wp-json\/wp\/v2\/tags?post=75782"}],"curies":[{"name":"wp","href":"https:\/\/api.w.org\/{rel}","templated":true}]}}