{"id":75779,"date":"2026-01-28T19:56:59","date_gmt":"2026-01-28T19:56:59","guid":{"rendered":"https:\/\/lahora.mx\/?p=75779"},"modified":"2026-01-28T19:57:00","modified_gmt":"2026-01-28T19:57:00","slug":"donde-comprar-la-canasta-basica-mas-barata-de-puebla","status":"publish","type":"post","link":"https:\/\/lahora.mx\/index.php\/2026\/01\/28\/donde-comprar-la-canasta-basica-mas-barata-de-puebla\/","title":{"rendered":"\u00bfD\u00f3nde comprar la canasta b\u00e1sica m\u00e1s barata de Puebla?"},"content":{"rendered":"\n<p>Walmart se convirti\u00f3 en la tienda que tiene la canasta de productos de primera necesidad m\u00e1s barata en la capital poblana, tras ofertarla en 792 pesos, seg\u00fan un estudio de la Procuradur\u00eda Federal del Consumidor (Profeco).<\/p>\n\n\n\n<p>La Profeco en su an\u00e1lisis de Qui\u00e9n es Qui\u00e9n en los Precios de Primera Necesidad , analiz\u00f3 entre el 12 y el 16 de enero pasado los valores en tienda de productos como carne, fruta, huevo, at\u00fan o cereales.<\/p>\n\n\n\n<p>En el caso de Puebla destac\u00f3 que el Walmart del Bulevar Atlixco en la capital poblana se posicion\u00f3 entre las tres tiendas del pa\u00eds con los precios de primera necesidad m\u00e1s bajos, con 792 pesos la canasta b\u00e1sica.<\/p>\n\n\n\n<p>Pero la entidad poblana tambi\u00e9n tuvo a la quinta tienda con la canasta b\u00e1sica m\u00e1s costosa del pa\u00eds, al encontrar que en el City Market de la V\u00eda Atlixc\u00e1yotl en la capital poblana la ofrecieron en poco m\u00e1s de 841 pesos.<\/p>\n\n\n\n<p>A nivel nacional, la dependencia federal hall\u00f3 que la cadena de tiendas Chedraui, Walmart, Soriana y la Central de Abasto son las alternativas con los precios m\u00e1s baratos en productos de primera necesidad.<\/p>\n","protected":false},"excerpt":{"rendered":"<p>Walmart se convirti\u00f3 en la tienda que tiene la canasta de productos de primera necesidad m\u00e1s barata en la capital poblana, tras ofertarla en 792 pesos, seg\u00fan un estudio de la Procuradur\u00eda Federal del Consumidor (Profeco). La Profeco en su an\u00e1lisis de Qui\u00e9n es Qui\u00e9n en los Precios de Primera Necesidad , analiz\u00f3 entre el [&hellip;]<\/p>\n","protected":false},"author":1,"featured_media":75780,"comment_status":"open","ping_status":"open","sticky":false,"template":"","format":"standard","meta":{"om_disable_all_campaigns":false,"_monsterinsights_skip_tracking":false,"_monsterinsights_sitenote_active":false,"_monsterinsights_sitenote_note":"","_monsterinsights_sitenote_category":0,"footnotes":""},"categories":[176,2],"tags":[],"class_list":["post-75779","post","type-post","status-publish","format-standard","has-post-thumbnail","hentry","category-nacional","category-negocios"],"amp_enabled":true,"_links":{"self":[{"href":"https:\/\/lahora.mx\/index.php\/wp-json\/wp\/v2\/posts\/75779","targetHints":{"allow":["GET"]}}],"collection":[{"href":"https:\/\/lahora.mx\/index.php\/wp-json\/wp\/v2\/posts"}],"about":[{"href":"https:\/\/lahora.mx\/index.php\/wp-json\/wp\/v2\/types\/post"}],"author":[{"embeddable":true,"href":"https:\/\/lahora.mx\/index.php\/wp-json\/wp\/v2\/users\/1"}],"replies":[{"embeddable":true,"href":"https:\/\/lahora.mx\/index.php\/wp-json\/wp\/v2\/comments?post=75779"}],"version-history":[{"count":1,"href":"https:\/\/lahora.mx\/index.php\/wp-json\/wp\/v2\/posts\/75779\/revisions"}],"predecessor-version":[{"id":75781,"href":"https:\/\/lahora.mx\/index.php\/wp-json\/wp\/v2\/posts\/75779\/revisions\/75781"}],"wp:featuredmedia":[{"embeddable":true,"href":"https:\/\/lahora.mx\/index.php\/wp-json\/wp\/v2\/media\/75780"}],"wp:attachment":[{"href":"https:\/\/lahora.mx\/index.php\/wp-json\/wp\/v2\/media?parent=75779"}],"wp:term":[{"taxonomy":"category","embeddable":true,"href":"https:\/\/lahora.mx\/index.php\/wp-json\/wp\/v2\/categories?post=75779"},{"taxonomy":"post_tag","embeddable":true,"href":"https:\/\/lahora.mx\/index.php\/wp-json\/wp\/v2\/tags?post=75779"}],"curies":[{"name":"wp","href":"https:\/\/api.w.org\/{rel}","templated":true}]}}