{"id":75776,"date":"2026-01-28T19:56:12","date_gmt":"2026-01-28T19:56:12","guid":{"rendered":"https:\/\/lahora.mx\/?p=75776"},"modified":"2026-01-28T19:56:14","modified_gmt":"2026-01-28T19:56:14","slug":"titular-de-la-cdh-comparecera-ante-el-congreso-de-puebla-este-jueves","status":"publish","type":"post","link":"https:\/\/lahora.mx\/index.php\/2026\/01\/28\/titular-de-la-cdh-comparecera-ante-el-congreso-de-puebla-este-jueves\/","title":{"rendered":"Titular de la CDH comparecer\u00e1 ante el Congreso de Puebla este jueves\u00a0\u00a0"},"content":{"rendered":"\n<p>La comparecencia de la titular de la Comisi\u00f3n Estatal de Derechos Humanos (CDH), Rosa Isela S\u00e1nchez, se llevar\u00e1 a cabo este jueves 29 de enero ante comisiones del Congreso de Puebla.\u202f<\/p>\n\n\n\n<p>As\u00ed lo infirm\u00f3 el presidente de la Junta de Gobierno y Coordinaci\u00f3n Pol\u00edtica (Jugocopo), Pavel Gaspar. En entrevista, indic\u00f3 que ya se defini\u00f3 la fecha para la comparecencia de la presidenta.<\/p>\n\n\n\n<p>Ayer anunci\u00f3 que se reunir\u00eda con los diputados y diputadas que integran la Comisi\u00f3n de Derechos Humanos para que Rosa Isela S\u00e1nchez rindiera un informe ante el Poder Legislativo.<\/p>\n\n\n\n<p>Fue as\u00ed como se decidi\u00f3 que la comparecencia se llevar\u00e1 a cabo este jueves 29 de enero a las 15:00 horas. Pese a la solicitud de algunos legisladores para que fuera en el pleno, ser\u00e1 ante la comisi\u00f3n.<\/p>\n\n\n\n<p>No precis\u00f3 si se seguir\u00e1 el mismo formato de las comparecencias del gabinete estatal o solamente podr\u00e1n participar integrantes de la comisi\u00f3n.<\/p>\n\n\n\n<p>Comparecencia de la titular de la CDH ante el Congreso de Puebla ser\u00e1 a las 15:00 horas<br>Ya invitaron a comparecencia a la titular de la Comisi\u00f3n de Derechos Humanos el d\u00eda jueves 29 de enero a las 15:00 horas (\u2026) ser\u00e1 ante la comisi\u00f3n\u201d.<\/p>\n\n\n\n<p>La comparecencia de la comisionada estaba pendiente desde diciembre de 2025. Aquella vez, solamente acudi\u00f3 a hacer entrega de su informe de labores como un acto protocolario. No hubo apertura para cuestionamientos.<\/p>\n\n\n\n<p>Sin embargo, debido a que ser\u00e1 ante la comisi\u00f3n y no ante el pleno, existe la posibilidad de que no todos los legisladores tengan oportunidad de cuestionar o aclarar dudas sobre el trabajo que ha hecho al frente del organismo.<\/p>\n\n\n\n<p>La universidad Ibero critic\u00f3 el trabajo de Rosa Isela. Lo calific\u00f3 de casi nulo y se\u00f1al\u00f3 que la CDH parece inexistente, pues se han resuelto solo el 0.7% de los casos. En t\u00e9rminos globales, de las 9 mil solicitudes que han captado, solo han dado respuesta a nueve.\u202f<\/p>\n","protected":false},"excerpt":{"rendered":"<p>La comparecencia de la titular de la Comisi\u00f3n Estatal de Derechos Humanos (CDH), Rosa Isela S\u00e1nchez, se llevar\u00e1 a cabo este jueves 29 de enero ante comisiones del Congreso de Puebla.\u202f As\u00ed lo infirm\u00f3 el presidente de la Junta de Gobierno y Coordinaci\u00f3n Pol\u00edtica (Jugocopo), Pavel Gaspar. En entrevista, indic\u00f3 que ya se defini\u00f3 la [&hellip;]<\/p>\n","protected":false},"author":1,"featured_media":75777,"comment_status":"open","ping_status":"open","sticky":false,"template":"","format":"standard","meta":{"om_disable_all_campaigns":false,"_monsterinsights_skip_tracking":false,"_monsterinsights_sitenote_active":false,"_monsterinsights_sitenote_note":"","_monsterinsights_sitenote_category":0,"footnotes":""},"categories":[175],"tags":[227,223],"class_list":["post-75776","post","type-post","status-publish","format-standard","has-post-thumbnail","hentry","category-local","tag-congreso","tag-puebla"],"amp_enabled":true,"_links":{"self":[{"href":"https:\/\/lahora.mx\/index.php\/wp-json\/wp\/v2\/posts\/75776","targetHints":{"allow":["GET"]}}],"collection":[{"href":"https:\/\/lahora.mx\/index.php\/wp-json\/wp\/v2\/posts"}],"about":[{"href":"https:\/\/lahora.mx\/index.php\/wp-json\/wp\/v2\/types\/post"}],"author":[{"embeddable":true,"href":"https:\/\/lahora.mx\/index.php\/wp-json\/wp\/v2\/users\/1"}],"replies":[{"embeddable":true,"href":"https:\/\/lahora.mx\/index.php\/wp-json\/wp\/v2\/comments?post=75776"}],"version-history":[{"count":1,"href":"https:\/\/lahora.mx\/index.php\/wp-json\/wp\/v2\/posts\/75776\/revisions"}],"predecessor-version":[{"id":75778,"href":"https:\/\/lahora.mx\/index.php\/wp-json\/wp\/v2\/posts\/75776\/revisions\/75778"}],"wp:featuredmedia":[{"embeddable":true,"href":"https:\/\/lahora.mx\/index.php\/wp-json\/wp\/v2\/media\/75777"}],"wp:attachment":[{"href":"https:\/\/lahora.mx\/index.php\/wp-json\/wp\/v2\/media?parent=75776"}],"wp:term":[{"taxonomy":"category","embeddable":true,"href":"https:\/\/lahora.mx\/index.php\/wp-json\/wp\/v2\/categories?post=75776"},{"taxonomy":"post_tag","embeddable":true,"href":"https:\/\/lahora.mx\/index.php\/wp-json\/wp\/v2\/tags?post=75776"}],"curies":[{"name":"wp","href":"https:\/\/api.w.org\/{rel}","templated":true}]}}