{"id":75757,"date":"2026-01-28T15:33:43","date_gmt":"2026-01-28T15:33:43","guid":{"rendered":"https:\/\/lahora.mx\/?p=75757"},"modified":"2026-01-28T15:33:44","modified_gmt":"2026-01-28T15:33:44","slug":"sheinbaum-se-reune-con-banxico-y-la-banca-para-analizar-el-panorama-economico","status":"publish","type":"post","link":"https:\/\/lahora.mx\/index.php\/2026\/01\/28\/sheinbaum-se-reune-con-banxico-y-la-banca-para-analizar-el-panorama-economico\/","title":{"rendered":"Sheinbaum se re\u00fane con Banxico y la banca para analizar el panorama econ\u00f3mico"},"content":{"rendered":"\n<p>La presidenta Claudia Sheinbaum encabez\u00f3 un encuentro en Palacio Nacional con la gobernadora del Banco de M\u00e9xico, Victoria Rodr\u00edguez Ceja, as\u00ed como con representantes de la Asociaci\u00f3n de Bancos de M\u00e9xico, con el objetivo de intercambiar puntos de vista sobre el panorama econ\u00f3mico nacional y los desaf\u00edos que enfrenta el pa\u00eds.<\/p>\n\n\n\n<p>El di\u00e1logo se dio en un momento clave para la econom\u00eda mexicana, marcado por la necesidad de mantener la estabilidad financiera, fortalecer el crecimiento y contener la inflaci\u00f3n. La reuni\u00f3n se suma a los esfuerzos de coordinaci\u00f3n entre el Gobierno federal, la autoridad monetaria y el sector bancario para analizar escenarios y posibles estrategias.<\/p>\n\n\n\n<p>A trav\u00e9s de redes sociales, la mandataria destac\u00f3 la importancia de este acercamiento, al se\u00f1alar que el intercambio permiti\u00f3 revisar las perspectivas econ\u00f3micas actuales y reforzar la comunicaci\u00f3n entre las instituciones financieras y el Ejecutivo.<\/p>\n","protected":false},"excerpt":{"rendered":"<p>La presidenta Claudia Sheinbaum encabez\u00f3 un encuentro en Palacio Nacional con la gobernadora del Banco de M\u00e9xico, Victoria Rodr\u00edguez Ceja, as\u00ed como con representantes de la Asociaci\u00f3n de Bancos de M\u00e9xico, con el objetivo de intercambiar puntos de vista sobre el panorama econ\u00f3mico nacional y los desaf\u00edos que enfrenta el pa\u00eds. El di\u00e1logo se dio [&hellip;]<\/p>\n","protected":false},"author":1,"featured_media":75758,"comment_status":"open","ping_status":"open","sticky":false,"template":"","format":"standard","meta":{"om_disable_all_campaigns":false,"_monsterinsights_skip_tracking":false,"_monsterinsights_sitenote_active":false,"_monsterinsights_sitenote_note":"","_monsterinsights_sitenote_category":0,"footnotes":""},"categories":[176],"tags":[],"class_list":["post-75757","post","type-post","status-publish","format-standard","has-post-thumbnail","hentry","category-nacional"],"amp_enabled":true,"_links":{"self":[{"href":"https:\/\/lahora.mx\/index.php\/wp-json\/wp\/v2\/posts\/75757","targetHints":{"allow":["GET"]}}],"collection":[{"href":"https:\/\/lahora.mx\/index.php\/wp-json\/wp\/v2\/posts"}],"about":[{"href":"https:\/\/lahora.mx\/index.php\/wp-json\/wp\/v2\/types\/post"}],"author":[{"embeddable":true,"href":"https:\/\/lahora.mx\/index.php\/wp-json\/wp\/v2\/users\/1"}],"replies":[{"embeddable":true,"href":"https:\/\/lahora.mx\/index.php\/wp-json\/wp\/v2\/comments?post=75757"}],"version-history":[{"count":1,"href":"https:\/\/lahora.mx\/index.php\/wp-json\/wp\/v2\/posts\/75757\/revisions"}],"predecessor-version":[{"id":75759,"href":"https:\/\/lahora.mx\/index.php\/wp-json\/wp\/v2\/posts\/75757\/revisions\/75759"}],"wp:featuredmedia":[{"embeddable":true,"href":"https:\/\/lahora.mx\/index.php\/wp-json\/wp\/v2\/media\/75758"}],"wp:attachment":[{"href":"https:\/\/lahora.mx\/index.php\/wp-json\/wp\/v2\/media?parent=75757"}],"wp:term":[{"taxonomy":"category","embeddable":true,"href":"https:\/\/lahora.mx\/index.php\/wp-json\/wp\/v2\/categories?post=75757"},{"taxonomy":"post_tag","embeddable":true,"href":"https:\/\/lahora.mx\/index.php\/wp-json\/wp\/v2\/tags?post=75757"}],"curies":[{"name":"wp","href":"https:\/\/api.w.org\/{rel}","templated":true}]}}