{"id":75751,"date":"2026-01-28T15:27:35","date_gmt":"2026-01-28T15:27:35","guid":{"rendered":"https:\/\/lahora.mx\/?p=75751"},"modified":"2026-01-28T15:27:36","modified_gmt":"2026-01-28T15:27:36","slug":"diputados-debatiran-reforma-electoral-jubilaciones-pensiones-y-temas-migratorios","status":"publish","type":"post","link":"https:\/\/lahora.mx\/index.php\/2026\/01\/28\/diputados-debatiran-reforma-electoral-jubilaciones-pensiones-y-temas-migratorios\/","title":{"rendered":"Diputados debatir\u00e1n Reforma Electoral, jubilaciones, pensiones y temas migratorios"},"content":{"rendered":"\n<p>El presidente de Estados Unidos, Donald Trump, afirm\u00f3 a trav\u00e9s de sus redes sociales que una flota naval estadounidense enviada hacia Ir\u00e1n se encuentra plenamente preparada para cumplir su misi\u00f3n \u201ccon rapidez y violencia, si es necesario\u201d, en medio de una creciente tensi\u00f3n diplom\u00e1tica y militar entre Washington y Teher\u00e1n.<\/p>\n\n\n\n<p>En una publicaci\u00f3n en su plataforma Truth Social, Trump destac\u00f3 que la fuerza, liderada por el portaaviones USS Abraham Lincoln, es incluso m\u00e1s grande que la que fue enviada previamente hacia Venezuela, y se\u00f1al\u00f3 que est\u00e1 lista para actuar con determinaci\u00f3n si las circunstancias lo requieren.<br>El presidente de Estados Unidos, Donald Trump, afirm\u00f3 a trav\u00e9s de sus redes sociales que una flota naval estadounidense enviada hacia Ir\u00e1n se encuentra plenamente preparada para cumplir su misi\u00f3n \u201ccon rapidez y violencia, si es necesario\u201d, en medio de una creciente tensi\u00f3n diplom\u00e1tica y militar entre Washington y Teher\u00e1n.<\/p>\n\n\n\n<p>En una publicaci\u00f3n en su plataforma Truth Social, Trump destac\u00f3 que la fuerza, liderada por el portaaviones USS Abraham Lincoln, es incluso m\u00e1s grande que la que fue enviada previamente hacia Venezuela, y se\u00f1al\u00f3 que est\u00e1 lista para actuar con determinaci\u00f3n si las circunstancias lo requieren.<\/p>\n","protected":false},"excerpt":{"rendered":"<p>El presidente de Estados Unidos, Donald Trump, afirm\u00f3 a trav\u00e9s de sus redes sociales que una flota naval estadounidense enviada hacia Ir\u00e1n se encuentra plenamente preparada para cumplir su misi\u00f3n \u201ccon rapidez y violencia, si es necesario\u201d, en medio de una creciente tensi\u00f3n diplom\u00e1tica y militar entre Washington y Teher\u00e1n. En una publicaci\u00f3n en su [&hellip;]<\/p>\n","protected":false},"author":1,"featured_media":75752,"comment_status":"open","ping_status":"open","sticky":false,"template":"","format":"standard","meta":{"om_disable_all_campaigns":false,"_monsterinsights_skip_tracking":false,"_monsterinsights_sitenote_active":false,"_monsterinsights_sitenote_note":"","_monsterinsights_sitenote_category":0,"footnotes":""},"categories":[176,5],"tags":[195],"class_list":["post-75751","post","type-post","status-publish","format-standard","has-post-thumbnail","hentry","category-nacional","category-politica","tag-principal"],"amp_enabled":true,"_links":{"self":[{"href":"https:\/\/lahora.mx\/index.php\/wp-json\/wp\/v2\/posts\/75751","targetHints":{"allow":["GET"]}}],"collection":[{"href":"https:\/\/lahora.mx\/index.php\/wp-json\/wp\/v2\/posts"}],"about":[{"href":"https:\/\/lahora.mx\/index.php\/wp-json\/wp\/v2\/types\/post"}],"author":[{"embeddable":true,"href":"https:\/\/lahora.mx\/index.php\/wp-json\/wp\/v2\/users\/1"}],"replies":[{"embeddable":true,"href":"https:\/\/lahora.mx\/index.php\/wp-json\/wp\/v2\/comments?post=75751"}],"version-history":[{"count":1,"href":"https:\/\/lahora.mx\/index.php\/wp-json\/wp\/v2\/posts\/75751\/revisions"}],"predecessor-version":[{"id":75753,"href":"https:\/\/lahora.mx\/index.php\/wp-json\/wp\/v2\/posts\/75751\/revisions\/75753"}],"wp:featuredmedia":[{"embeddable":true,"href":"https:\/\/lahora.mx\/index.php\/wp-json\/wp\/v2\/media\/75752"}],"wp:attachment":[{"href":"https:\/\/lahora.mx\/index.php\/wp-json\/wp\/v2\/media?parent=75751"}],"wp:term":[{"taxonomy":"category","embeddable":true,"href":"https:\/\/lahora.mx\/index.php\/wp-json\/wp\/v2\/categories?post=75751"},{"taxonomy":"post_tag","embeddable":true,"href":"https:\/\/lahora.mx\/index.php\/wp-json\/wp\/v2\/tags?post=75751"}],"curies":[{"name":"wp","href":"https:\/\/api.w.org\/{rel}","templated":true}]}}