{"id":75748,"date":"2026-01-28T16:15:00","date_gmt":"2026-01-28T16:15:00","guid":{"rendered":"https:\/\/lahora.mx\/?p=75748"},"modified":"2026-01-28T19:13:24","modified_gmt":"2026-01-28T19:13:24","slug":"promete-sheinbaum-revision-a-fondo-en-la-muerte-de-la-poblana-integrante-de-la-guardia-nacional","status":"publish","type":"post","link":"https:\/\/lahora.mx\/index.php\/2026\/01\/28\/promete-sheinbaum-revision-a-fondo-en-la-muerte-de-la-poblana-integrante-de-la-guardia-nacional\/","title":{"rendered":"Revisi\u00f3n a fondo de la muerte de la poblana integrante de la Guardia Nacional promete Claudia Sheinbaum"},"content":{"rendered":"\n<p>Entre los hechos mencionados se encuentran el asesinato de Stephania Carmona Rojas, de 20 a\u00f1os, originaria de Ajalpan, ocurrido en octubre pasado en un batall\u00f3n de Acapulco<\/p>\n\n\n\n<p>Durante la conferencia matutina de este mi\u00e9rcoles, la presidenta Claudia Sheinbaum se refiri\u00f3 a los fallecimientos recientes de mujeres integrantes de la Guardia Nacional, casos que han generado cuestionamientos por las circunstancias en las que ocurrieron.<br>Entre los hechos mencionados se encuentran el asesinato de Stephania Carmona Rojas, de 20 a\u00f1os, originaria de Ajalpan, Puebla, ocurrido en octubre pasado en un batall\u00f3n de Acapulco; la muerte de Sherlyn Manzanares, de 23 a\u00f1os, reportada como un presunto accidente de motocicleta en noviembre; y el caso de Dalila Acosta, de 28 a\u00f1os, quien fue localizada con un disparo en el rostro, cuya versi\u00f3n oficial apunta a un suicidio, aunque no ha sido confirmada.<\/p>\n\n\n\n<p>Ante estos se\u00f1alamientos, la mandataria subray\u00f3 que los tres casos deber\u00e1n ser analizados de manera puntual y recalc\u00f3 que no habr\u00e1 tolerancia a la impunidad. Se\u00f1al\u00f3 que es necesario esclarecer c\u00f3mo se atienden este tipo de situaciones dentro de las Fuerzas Armadas, tanto cuando las v\u00edctimas son elementos en activo como cuando se trata de civiles.<\/p>\n\n\n\n<p>Sheinbaum tambi\u00e9n indic\u00f3 que existen instancias internas destinadas a la atenci\u00f3n y protecci\u00f3n de las mujeres dentro de las corporaciones militares, las cuales ser\u00e1n fortalecidas en coordinaci\u00f3n con las secretar\u00edas de la Defensa Nacional y Marina, con el objetivo de garantizar el respeto a los derechos de las mujeres y el acceso a la justicia.<\/p>\n","protected":false},"excerpt":{"rendered":"<p>Entre los hechos mencionados se encuentran el asesinato de Stephania Carmona Rojas, de 20 a\u00f1os, originaria de Ajalpan, ocurrido en octubre pasado en un batall\u00f3n de Acapulco Durante la conferencia matutina de este mi\u00e9rcoles, la presidenta Claudia Sheinbaum se refiri\u00f3 a los fallecimientos recientes de mujeres integrantes de la Guardia Nacional, casos que han generado [&hellip;]<\/p>\n","protected":false},"author":1,"featured_media":75749,"comment_status":"open","ping_status":"open","sticky":false,"template":"","format":"standard","meta":{"om_disable_all_campaigns":false,"_monsterinsights_skip_tracking":false,"_monsterinsights_sitenote_active":false,"_monsterinsights_sitenote_note":"","_monsterinsights_sitenote_category":0,"footnotes":""},"categories":[176],"tags":[239,195,223],"class_list":["post-75748","post","type-post","status-publish","format-standard","has-post-thumbnail","hentry","category-nacional","tag-gobierno","tag-principal","tag-puebla"],"amp_enabled":true,"_links":{"self":[{"href":"https:\/\/lahora.mx\/index.php\/wp-json\/wp\/v2\/posts\/75748","targetHints":{"allow":["GET"]}}],"collection":[{"href":"https:\/\/lahora.mx\/index.php\/wp-json\/wp\/v2\/posts"}],"about":[{"href":"https:\/\/lahora.mx\/index.php\/wp-json\/wp\/v2\/types\/post"}],"author":[{"embeddable":true,"href":"https:\/\/lahora.mx\/index.php\/wp-json\/wp\/v2\/users\/1"}],"replies":[{"embeddable":true,"href":"https:\/\/lahora.mx\/index.php\/wp-json\/wp\/v2\/comments?post=75748"}],"version-history":[{"count":2,"href":"https:\/\/lahora.mx\/index.php\/wp-json\/wp\/v2\/posts\/75748\/revisions"}],"predecessor-version":[{"id":75775,"href":"https:\/\/lahora.mx\/index.php\/wp-json\/wp\/v2\/posts\/75748\/revisions\/75775"}],"wp:featuredmedia":[{"embeddable":true,"href":"https:\/\/lahora.mx\/index.php\/wp-json\/wp\/v2\/media\/75749"}],"wp:attachment":[{"href":"https:\/\/lahora.mx\/index.php\/wp-json\/wp\/v2\/media?parent=75748"}],"wp:term":[{"taxonomy":"category","embeddable":true,"href":"https:\/\/lahora.mx\/index.php\/wp-json\/wp\/v2\/categories?post=75748"},{"taxonomy":"post_tag","embeddable":true,"href":"https:\/\/lahora.mx\/index.php\/wp-json\/wp\/v2\/tags?post=75748"}],"curies":[{"name":"wp","href":"https:\/\/api.w.org\/{rel}","templated":true}]}}