{"id":75730,"date":"2026-01-27T23:03:05","date_gmt":"2026-01-27T23:03:05","guid":{"rendered":"https:\/\/lahora.mx\/?p=75730"},"modified":"2026-01-27T23:03:06","modified_gmt":"2026-01-27T23:03:06","slug":"instalara-2-mil-alarmas-vecinales-en-cholula-puebla-y-cuautlancingo","status":"publish","type":"post","link":"https:\/\/lahora.mx\/index.php\/2026\/01\/27\/instalara-2-mil-alarmas-vecinales-en-cholula-puebla-y-cuautlancingo\/","title":{"rendered":"Instalar\u00e1 2 mil alarmas vecinales en Cholula, Puebla y Cuautlancingo"},"content":{"rendered":"\n<p>El Gobierno de Puebla instalar\u00e1 2 mil alarmas vecinales durante el presente a\u00f1o, con el prop\u00f3sito de fortalecer la seguridad y la organizaci\u00f3n comunitaria. El gobernador Alejandro Armenta destac\u00f3 que este modelo funciona a trav\u00e9s de comit\u00e9s vecinales y prioriza en todo momento la protecci\u00f3n de la ciudadan\u00eda, sin exponerla a riesgos. Explic\u00f3 que las alarmas cuentan con videoc\u00e1maras conectadas al Centro de Comando, Control, Comunicaciones, C\u00f3mputo, Coordinaci\u00f3n e Inteligencia (C5i), lo que permite que, al activarse, el llamado sea atendido de manera inmediata por la patrulla m\u00e1s cercana.<\/p>\n\n\n\n<p>La secretaria de Bienestar, Laura Artemisa Garc\u00eda Ch\u00e1vez, inform\u00f3 que en 2025 se instalaron mil 500 alarmas vecinales en tres municipios, en beneficio de 11 juntas auxiliares de Puebla capital, 11 de San Pedro Cholula y dos de Cuautlancingo, lo que permiti\u00f3 mejorar la capacidad de respuesta ante situaciones de riesgo.<\/p>\n\n\n\n<p>Para dar seguimiento a los resultados y definir las pr\u00f3ximas zonas de colocaci\u00f3n, se llevan a cabo mesas de trabajo con la Secretar\u00eda de Seguridad P\u00fablica y la Secretar\u00eda de Gobernaci\u00f3n, a fin de evaluar el impacto del programa y fortalecer su operatividad.<\/p>\n\n\n\n<p>Esta estrategia se alinea con la visi\u00f3n de seguridad y bienestar impulsada a nivel nacional por la presidenta de M\u00e9xico, Claudia Sheinbaum, que coloca a la prevenci\u00f3n, la tecnolog\u00eda y la participaci\u00f3n ciudadana como ejes fundamentales para construir comunidades m\u00e1s seguras y solidarias.<\/p>\n","protected":false},"excerpt":{"rendered":"<p>El Gobierno de Puebla instalar\u00e1 2 mil alarmas vecinales durante el presente a\u00f1o, con el prop\u00f3sito de fortalecer la seguridad y la organizaci\u00f3n comunitaria. El gobernador Alejandro Armenta destac\u00f3 que este modelo funciona a trav\u00e9s de comit\u00e9s vecinales y prioriza en todo momento la protecci\u00f3n de la ciudadan\u00eda, sin exponerla a riesgos. Explic\u00f3 que las [&hellip;]<\/p>\n","protected":false},"author":1,"featured_media":75731,"comment_status":"open","ping_status":"open","sticky":false,"template":"","format":"standard","meta":{"om_disable_all_campaigns":false,"_monsterinsights_skip_tracking":false,"_monsterinsights_sitenote_active":false,"_monsterinsights_sitenote_note":"","_monsterinsights_sitenote_category":0,"footnotes":""},"categories":[175,226],"tags":[195],"class_list":["post-75730","post","type-post","status-publish","format-standard","has-post-thumbnail","hentry","category-local","category-policia","tag-principal"],"amp_enabled":true,"_links":{"self":[{"href":"https:\/\/lahora.mx\/index.php\/wp-json\/wp\/v2\/posts\/75730","targetHints":{"allow":["GET"]}}],"collection":[{"href":"https:\/\/lahora.mx\/index.php\/wp-json\/wp\/v2\/posts"}],"about":[{"href":"https:\/\/lahora.mx\/index.php\/wp-json\/wp\/v2\/types\/post"}],"author":[{"embeddable":true,"href":"https:\/\/lahora.mx\/index.php\/wp-json\/wp\/v2\/users\/1"}],"replies":[{"embeddable":true,"href":"https:\/\/lahora.mx\/index.php\/wp-json\/wp\/v2\/comments?post=75730"}],"version-history":[{"count":1,"href":"https:\/\/lahora.mx\/index.php\/wp-json\/wp\/v2\/posts\/75730\/revisions"}],"predecessor-version":[{"id":75732,"href":"https:\/\/lahora.mx\/index.php\/wp-json\/wp\/v2\/posts\/75730\/revisions\/75732"}],"wp:featuredmedia":[{"embeddable":true,"href":"https:\/\/lahora.mx\/index.php\/wp-json\/wp\/v2\/media\/75731"}],"wp:attachment":[{"href":"https:\/\/lahora.mx\/index.php\/wp-json\/wp\/v2\/media?parent=75730"}],"wp:term":[{"taxonomy":"category","embeddable":true,"href":"https:\/\/lahora.mx\/index.php\/wp-json\/wp\/v2\/categories?post=75730"},{"taxonomy":"post_tag","embeddable":true,"href":"https:\/\/lahora.mx\/index.php\/wp-json\/wp\/v2\/tags?post=75730"}],"curies":[{"name":"wp","href":"https:\/\/api.w.org\/{rel}","templated":true}]}}