{"id":75727,"date":"2026-01-27T23:02:04","date_gmt":"2026-01-27T23:02:04","guid":{"rendered":"https:\/\/lahora.mx\/?p=75727"},"modified":"2026-01-27T23:02:05","modified_gmt":"2026-01-27T23:02:05","slug":"se-registra-buena-respuesta-al-programa-basura-cero-en-san-pedro-cholula","status":"publish","type":"post","link":"https:\/\/lahora.mx\/index.php\/2026\/01\/27\/se-registra-buena-respuesta-al-programa-basura-cero-en-san-pedro-cholula\/","title":{"rendered":"Se registra buena respuesta al programa Basura Cero en San Pedro Cholula"},"content":{"rendered":"\n<p>Una buena respuesta ha tenido el programa Basura Cero que se impuls\u00f3 en los primeros d\u00edas de diciembre, as\u00ed lo dio a conocer la coordinadora del sistema operador de Limpia, Rubi V\u00e1zquez.<\/p>\n\n\n\n<p>Detall\u00f3 que esta medida ha generado diferentes opiniones, desde aquellos que est\u00e1n a favor porque se dejan las montoneras de basura y ning\u00fan ayuntamiento hab\u00eda actuado, hasta aquellos que est\u00e1n en contra porque son quienes incumplen con los horarios y d\u00edas de recolecci\u00f3n.<br>Adem\u00e1s, inform\u00f3 que los ciudadanos son los que est\u00e1n colaborando con denuncias ciudadanas para dar a conocer qui\u00e9nes dejan la basura en el lugar, reportes que llegan directamente a esta coordinaci\u00f3n.<\/p>\n\n\n\n<p>La funcionaria municipal dejo en claro que el objetivo del programa es generar conciencia en la poblaci\u00f3n para que se cumpla con el reglamento de limpia, pero sobre todo porque los desechos que dejan en la calle fuera de los horarios se convierten en un problema de salud social.<\/p>\n\n\n\n<p>Detall\u00f3 que por el momento se encuentran en la segunda fase del programa Basura Cero, ya que se han hecho invitaciones a quienes han sido detectados incurriendo en alguna irregularidad y ahora, se tienen listas las notificaciones, segundo paso antes de una sanci\u00f3n.<\/p>\n","protected":false},"excerpt":{"rendered":"<p>Una buena respuesta ha tenido el programa Basura Cero que se impuls\u00f3 en los primeros d\u00edas de diciembre, as\u00ed lo dio a conocer la coordinadora del sistema operador de Limpia, Rubi V\u00e1zquez. Detall\u00f3 que esta medida ha generado diferentes opiniones, desde aquellos que est\u00e1n a favor porque se dejan las montoneras de basura y ning\u00fan [&hellip;]<\/p>\n","protected":false},"author":1,"featured_media":75728,"comment_status":"open","ping_status":"open","sticky":false,"template":"","format":"standard","meta":{"om_disable_all_campaigns":false,"_monsterinsights_skip_tracking":false,"_monsterinsights_sitenote_active":false,"_monsterinsights_sitenote_note":"","_monsterinsights_sitenote_category":0,"footnotes":""},"categories":[175],"tags":[234],"class_list":["post-75727","post","type-post","status-publish","format-standard","has-post-thumbnail","hentry","category-local","tag-cholula"],"amp_enabled":true,"_links":{"self":[{"href":"https:\/\/lahora.mx\/index.php\/wp-json\/wp\/v2\/posts\/75727","targetHints":{"allow":["GET"]}}],"collection":[{"href":"https:\/\/lahora.mx\/index.php\/wp-json\/wp\/v2\/posts"}],"about":[{"href":"https:\/\/lahora.mx\/index.php\/wp-json\/wp\/v2\/types\/post"}],"author":[{"embeddable":true,"href":"https:\/\/lahora.mx\/index.php\/wp-json\/wp\/v2\/users\/1"}],"replies":[{"embeddable":true,"href":"https:\/\/lahora.mx\/index.php\/wp-json\/wp\/v2\/comments?post=75727"}],"version-history":[{"count":1,"href":"https:\/\/lahora.mx\/index.php\/wp-json\/wp\/v2\/posts\/75727\/revisions"}],"predecessor-version":[{"id":75729,"href":"https:\/\/lahora.mx\/index.php\/wp-json\/wp\/v2\/posts\/75727\/revisions\/75729"}],"wp:featuredmedia":[{"embeddable":true,"href":"https:\/\/lahora.mx\/index.php\/wp-json\/wp\/v2\/media\/75728"}],"wp:attachment":[{"href":"https:\/\/lahora.mx\/index.php\/wp-json\/wp\/v2\/media?parent=75727"}],"wp:term":[{"taxonomy":"category","embeddable":true,"href":"https:\/\/lahora.mx\/index.php\/wp-json\/wp\/v2\/categories?post=75727"},{"taxonomy":"post_tag","embeddable":true,"href":"https:\/\/lahora.mx\/index.php\/wp-json\/wp\/v2\/tags?post=75727"}],"curies":[{"name":"wp","href":"https:\/\/api.w.org\/{rel}","templated":true}]}}