{"id":75721,"date":"2026-01-27T22:58:13","date_gmt":"2026-01-27T22:58:13","guid":{"rendered":"https:\/\/lahora.mx\/?p=75721"},"modified":"2026-01-27T22:58:13","modified_gmt":"2026-01-27T22:58:13","slug":"secretaria-de-las-mujeres-y-fgr-compartiran-informacion-para-identificar-agresores","status":"publish","type":"post","link":"https:\/\/lahora.mx\/index.php\/2026\/01\/27\/secretaria-de-las-mujeres-y-fgr-compartiran-informacion-para-identificar-agresores\/","title":{"rendered":"Secretar\u00eda de las Mujeres y FGR compartir\u00e1n informaci\u00f3n para identificar agresores"},"content":{"rendered":"\n<p>La Secretar\u00eda de las Mujeres y la Fiscal\u00eda General de la Rep\u00fablica (FGR) acordaron compartir informaci\u00f3n para fortalecer la investigaci\u00f3n de agresores de mujeres.<\/p>\n\n\n\n<p>De acuerdo con la dependencia, el objetivo es identificar si una persona se\u00f1alada por violencia de g\u00e9nero cuenta con antecedentes penales vinculados a otros casos o delitos.<\/p>\n\n\n\n<p>Para lograr dicha meta se compartir\u00e1 informaci\u00f3n del Banco Nacional de Datos e Informaci\u00f3n sobre Casos de Violencia contra las Mujeres (BANAVIM) con el Banco Nacional de Datos Forenses y el Centro Federal de Inteligencia Criminal.<\/p>\n\n\n\n<p>\u201cAs\u00ed se dejar\u00e1 de tratar la violencia contra las mujeres como hechos aislados y abordarla con una visi\u00f3n integral de riesgo y reincidencia\u201d, sostiene la dependencia.<\/p>\n\n\n\n<p>Adem\u00e1s, la directora general de Inteligencia, Innovaci\u00f3n y Planeaci\u00f3n Estrat\u00e9gica, Patricia Carranza Rodr\u00edguez, se\u00f1al\u00f3 que el reto es convertir al BANAVIM en una herramienta que facilite el trabajo de las fiscal\u00edas y autoridades locales.<\/p>\n\n\n\n<p>Para ello, se impulsar\u00e1n capacitaciones y certificaciones del personal que opera dichos registros, para asegurar la calidad de la informaci\u00f3n y eliminar la doble captura de datos.<\/p>\n\n\n\n<p>Por su parte, la titular del Centro Federal de Inteligencia Criminal, Edna Patricia Cepeda Morales, ofreci\u00f3 la colaboraci\u00f3n de la red de inteligencia de las 32 fiscal\u00edas para alinear visiones y sumar herramientas tecnol\u00f3gicas que fortalezcan la labor de la Secretar\u00eda de las Mujeres.<\/p>\n\n\n\n<p>Muertes violentas de mujeres investigadas como feminicidio<br>Hace unos d\u00edas, la Secretar\u00eda de las Mujeres inform\u00f3 que buscar\u00e1 impulsar que toda muerte violenta de mujeres se investigue como feminicidio desde el primer momento.<\/p>\n\n\n\n<p>La propuesta tiene como objetivo erradicar la impunidad y garantizar que todas las mujeres y ni\u00f1as en M\u00e9xico cuenten con una protecci\u00f3n jur\u00eddica efectiva.<\/p>\n\n\n\n<p>Para lograrlo, se tiene planeado que este a\u00f1o se lleven a cabo convenios de participaci\u00f3n con las 32 fiscal\u00edas estatales y la Fiscal\u00eda General de la Rep\u00fablica (FGR), a trav\u00e9s de la Conferencia Nacional de Procuraci\u00f3n de Justicia.<\/p>\n\n\n\n<p>Con dicha alianza se busca que todas las entidades cuenten con fiscal\u00edas especializadas que operen bajo est\u00e1ndares homog\u00e9neos y con personal capacitado en perspectiva de g\u00e9nero.<\/p>\n\n\n\n<p>Montserrat Maldonado<\/p>\n\n\n\n<p>Licenciada en Comunicaci\u00f3n y Periodismo por la UNAM. Mexiquense. Reportera de educaci\u00f3n, derechos humanos, g\u00e9nero y pol\u00edtica.<\/p>\n\n\n\n<p>Montserrat Sanchez Maldonado<br>\u00daltimas notas:<br>Secretar\u00eda de las Mujeres y FGR compartir\u00e1n informaci\u00f3n para identificar agresores<br>Segundo Di\u00e1logo por la Paz impulsar\u00e1 denuncia an\u00f3nima y b\u00fasquedas municipales para detener la violencia<br>En 20 a\u00f1os, seis propuestas para regular la eutanasia han sido ignoradas<\/p>\n","protected":false},"excerpt":{"rendered":"<p>La Secretar\u00eda de las Mujeres y la Fiscal\u00eda General de la Rep\u00fablica (FGR) acordaron compartir informaci\u00f3n para fortalecer la investigaci\u00f3n de agresores de mujeres. De acuerdo con la dependencia, el objetivo es identificar si una persona se\u00f1alada por violencia de g\u00e9nero cuenta con antecedentes penales vinculados a otros casos o delitos. Para lograr dicha meta [&hellip;]<\/p>\n","protected":false},"author":1,"featured_media":75722,"comment_status":"open","ping_status":"open","sticky":false,"template":"","format":"standard","meta":{"om_disable_all_campaigns":false,"_monsterinsights_skip_tracking":false,"_monsterinsights_sitenote_active":false,"_monsterinsights_sitenote_note":"","_monsterinsights_sitenote_category":0,"footnotes":""},"categories":[176],"tags":[],"class_list":["post-75721","post","type-post","status-publish","format-standard","has-post-thumbnail","hentry","category-nacional"],"amp_enabled":true,"_links":{"self":[{"href":"https:\/\/lahora.mx\/index.php\/wp-json\/wp\/v2\/posts\/75721","targetHints":{"allow":["GET"]}}],"collection":[{"href":"https:\/\/lahora.mx\/index.php\/wp-json\/wp\/v2\/posts"}],"about":[{"href":"https:\/\/lahora.mx\/index.php\/wp-json\/wp\/v2\/types\/post"}],"author":[{"embeddable":true,"href":"https:\/\/lahora.mx\/index.php\/wp-json\/wp\/v2\/users\/1"}],"replies":[{"embeddable":true,"href":"https:\/\/lahora.mx\/index.php\/wp-json\/wp\/v2\/comments?post=75721"}],"version-history":[{"count":1,"href":"https:\/\/lahora.mx\/index.php\/wp-json\/wp\/v2\/posts\/75721\/revisions"}],"predecessor-version":[{"id":75723,"href":"https:\/\/lahora.mx\/index.php\/wp-json\/wp\/v2\/posts\/75721\/revisions\/75723"}],"wp:featuredmedia":[{"embeddable":true,"href":"https:\/\/lahora.mx\/index.php\/wp-json\/wp\/v2\/media\/75722"}],"wp:attachment":[{"href":"https:\/\/lahora.mx\/index.php\/wp-json\/wp\/v2\/media?parent=75721"}],"wp:term":[{"taxonomy":"category","embeddable":true,"href":"https:\/\/lahora.mx\/index.php\/wp-json\/wp\/v2\/categories?post=75721"},{"taxonomy":"post_tag","embeddable":true,"href":"https:\/\/lahora.mx\/index.php\/wp-json\/wp\/v2\/tags?post=75721"}],"curies":[{"name":"wp","href":"https:\/\/api.w.org\/{rel}","templated":true}]}}