{"id":75717,"date":"2026-01-27T22:55:53","date_gmt":"2026-01-27T22:55:53","guid":{"rendered":"https:\/\/lahora.mx\/?p=75717"},"modified":"2026-01-27T22:56:53","modified_gmt":"2026-01-27T22:56:53","slug":"buscan-reforestar-el-cerro-zapotecas-y-la-cabecera-municipal-de-san-pedro-cholula","status":"publish","type":"post","link":"https:\/\/lahora.mx\/index.php\/2026\/01\/27\/buscan-reforestar-el-cerro-zapotecas-y-la-cabecera-municipal-de-san-pedro-cholula\/","title":{"rendered":"Buscan reforestar el Cerro Zapotecas y la cabecera municipal de San Pedro Cholula"},"content":{"rendered":"\n<p>Debido a que se han encontrado zonas con ausencia de \u00e1rboles en el municipio de San Pedro Cholula, se realizar\u00e1 un an\u00e1lisis con ayuda de especialistas para determinar el n\u00famero de especies que se pueden sembrar y que ayuden al ecosistema, revel\u00f3 la presidenta municipal, Tonantzin Fern\u00e1ndez D\u00edaz, quien a\u00f1adi\u00f3 que independientemente del estudio el Cerro Zapotecas ser\u00e1 uno de los puntos que se contemplen.<\/p>\n\n\n\n<p>A decir de la alcaldesa emanada de Morena, muchas de las plantas que hoy ya no est\u00e1n se secaron debido a que cumplieron con su ciclo de vida, no por la falta de atenci\u00f3n de pasadas administraciones, por ello es que apunt\u00f3 se buscar\u00e1 una estrategia que permita enverdecer la comunidad cholulteca.<\/p>\n\n\n\n<p>Explic\u00f3 que parte tambi\u00e9n de la falta de especies arb\u00f3reas es tambi\u00e9n la urbanizaci\u00f3n, ya que pol\u00edgonos como la cabecera municipal y algunas juntas auxiliares son los m\u00e1s poblados y donde se debe intervenir para no generar un desequilibrio ecol\u00f3gico.<\/p>\n\n\n\n<p>Realizar\u00e1n estudio para determinar ejemplares que se sembrar\u00e1n<br>Detall\u00f3 que ser\u00e1 la Direcci\u00f3n de Ecolog\u00eda Municipal y con ayuda de un bi\u00f3logo los que se encargar\u00e1n de llevar a cabo este an\u00e1lisis con el que se determinar\u00e1 el tipo de \u00e1rbol y el n\u00famero de ejemplares que se van a sembrar, pues asegur\u00f3 que para esta actividad es necesario que todo se haga con apoyo de especialistas en el tema.<br><br>\u201cEstaremos revisando con la Direcci\u00f3n de Ecolog\u00eda y junto con el bi\u00f3logo, ustedes saben que en Cholula contamos con un bi\u00f3logo, donde yo le voy a pedir que haga un estudio para verificar cu\u00e1ntos \u00e1rboles se requieren para sembrar, obviamente tenemos que esperar la \u00e9poca indicada de las reforestaciones\u201d, explic\u00f3.<\/p>\n\n\n\n<p>Fern\u00e1ndez D\u00edaz agreg\u00f3 que una vez que se cuente con este estudio las actividades de sembrado se efectuar\u00e1n durante la \u00e9poca adecuada para que el clima permita que los ejemplares crezcan y beneficien a la comunidad.<\/p>\n\n\n\n<p>Asimismo, adelant\u00f3 que el Cerro Zapotecas, el \u00fanico pulm\u00f3n verde de San Pedro Cholula, tambi\u00e9n ser\u00e1 uno de los puntos donde se lleve a cabo la reforestaci\u00f3n.<\/p>\n\n\n\n<p>De acuerdo con una declaraci\u00f3n pasada del secretario de Gobernaci\u00f3n municipal, Carlos Carrillo Cort\u00e9s, en dicha \u00e1rea hay \u00e1rboles que fueron secados por la plaga del gusano barrenador, la cual se mantiene desde hace varios a\u00f1os y no se ha podido eliminar, aunque s\u00ed contener.<br>Por tanto, es que el Cerro Zapotecas se ve envuelto en esta enfermedad que lentamente acaba con las diferentes especies arb\u00f3reas, pero principalmente con el Ocote, por ello se busca que se intervenga con apoyo del gobierno estatal y federal.<\/p>\n\n\n\n<p>Adem\u00e1s, el funcionario refiri\u00f3 que al haber \u00e1rboles secos estos son m\u00e1s f\u00e1ciles de quemar y, por tanto, se registran incendios forestales en este pulm\u00f3n verde. Es por ello que se pedir\u00e1 el apoyo del estado para que con el uso de drones se inyecten sustancias que aminoren el riesgo de fuego en el lugar.<\/p>\n","protected":false},"excerpt":{"rendered":"<p>Debido a que se han encontrado zonas con ausencia de \u00e1rboles en el municipio de San Pedro Cholula, se realizar\u00e1 un an\u00e1lisis con ayuda de especialistas para determinar el n\u00famero de especies que se pueden sembrar y que ayuden al ecosistema, revel\u00f3 la presidenta municipal, Tonantzin Fern\u00e1ndez D\u00edaz, quien a\u00f1adi\u00f3 que independientemente del estudio el [&hellip;]<\/p>\n","protected":false},"author":1,"featured_media":75718,"comment_status":"open","ping_status":"open","sticky":false,"template":"","format":"standard","meta":{"om_disable_all_campaigns":false,"_monsterinsights_skip_tracking":false,"_monsterinsights_sitenote_active":false,"_monsterinsights_sitenote_note":"","_monsterinsights_sitenote_category":0,"footnotes":""},"categories":[175],"tags":[234,223],"class_list":["post-75717","post","type-post","status-publish","format-standard","has-post-thumbnail","hentry","category-local","tag-cholula","tag-puebla"],"amp_enabled":true,"_links":{"self":[{"href":"https:\/\/lahora.mx\/index.php\/wp-json\/wp\/v2\/posts\/75717","targetHints":{"allow":["GET"]}}],"collection":[{"href":"https:\/\/lahora.mx\/index.php\/wp-json\/wp\/v2\/posts"}],"about":[{"href":"https:\/\/lahora.mx\/index.php\/wp-json\/wp\/v2\/types\/post"}],"author":[{"embeddable":true,"href":"https:\/\/lahora.mx\/index.php\/wp-json\/wp\/v2\/users\/1"}],"replies":[{"embeddable":true,"href":"https:\/\/lahora.mx\/index.php\/wp-json\/wp\/v2\/comments?post=75717"}],"version-history":[{"count":2,"href":"https:\/\/lahora.mx\/index.php\/wp-json\/wp\/v2\/posts\/75717\/revisions"}],"predecessor-version":[{"id":75720,"href":"https:\/\/lahora.mx\/index.php\/wp-json\/wp\/v2\/posts\/75717\/revisions\/75720"}],"wp:featuredmedia":[{"embeddable":true,"href":"https:\/\/lahora.mx\/index.php\/wp-json\/wp\/v2\/media\/75718"}],"wp:attachment":[{"href":"https:\/\/lahora.mx\/index.php\/wp-json\/wp\/v2\/media?parent=75717"}],"wp:term":[{"taxonomy":"category","embeddable":true,"href":"https:\/\/lahora.mx\/index.php\/wp-json\/wp\/v2\/categories?post=75717"},{"taxonomy":"post_tag","embeddable":true,"href":"https:\/\/lahora.mx\/index.php\/wp-json\/wp\/v2\/tags?post=75717"}],"curies":[{"name":"wp","href":"https:\/\/api.w.org\/{rel}","templated":true}]}}