{"id":75702,"date":"2026-01-27T21:36:49","date_gmt":"2026-01-27T21:36:49","guid":{"rendered":"https:\/\/lahora.mx\/?p=75702"},"modified":"2026-01-27T21:36:50","modified_gmt":"2026-01-27T21:36:50","slug":"feria-de-puebla-2026-sera-del-23-de-abril-al-10-de-mayo","status":"publish","type":"post","link":"https:\/\/lahora.mx\/index.php\/2026\/01\/27\/feria-de-puebla-2026-sera-del-23-de-abril-al-10-de-mayo\/","title":{"rendered":"Feria de Puebla 2026 ser\u00e1 del 23 de abril al 10 de mayo"},"content":{"rendered":"\n<p>La Feria de Puebla se realizar\u00e1 del 23 de abril al 10 de mayo, de acuerdo a la licitaci\u00f3n GEP-SPFA-LPN-004-053\/2026 presentada para la contrataci\u00f3n de servicios por parte del gobierno estatal.<\/p>\n\n\n\n<p>Para ello, estar\u00e1 abierta hasta el pr\u00f3ximo 28 de enero, a las 17:00 horas. El 3 de febrero se realizar\u00e1 una junta de aclaraciones y el 9 de febrero la presentaci\u00f3n de documentos legales y apertura de propuestas t\u00e9cnicas.<\/p>\n\n\n\n<p>Ser\u00e1 el pr\u00f3ximo 17 de febrero cuando se conozca el nombre de la empresa que se har\u00e1 cargo de la organizaci\u00f3n de la Feria de Puebla, de manera conjunta con Convenciones y Parques.<\/p>\n\n\n\n<p>Se espera inicialmente una afluencia en los d\u00edas del evento entre 850 mil y un mill\u00f3n 200 mil personas, siendo ese el n\u00famero de pre-boletaje solicitado a la empresa interesada en producir los accesos al evento.<\/p>\n\n\n\n<p>El horario de la Feria de Puebla 2025 ser\u00e1 de lunes a jueves en un horario de 12:00<br>p.m. a 00:00 a.m., viernes s\u00e1bado y domingo y d\u00edas festivos en un horario de 11:00 a.m. a 00:00 a.m.<\/p>\n\n\n\n<p>TEATRO DE PUEBLO, SHOW SOBRE HIELO Y CIRCO EN LA FERIA DE PUEBLA<br>TEATRO DEL PUEBLO<\/p>\n\n\n\n<p>Ser\u00e1n 18 shows -uno por d\u00eda- de los cuales 14 ser\u00e1n artistas de talla nacional y cuando menos cuatro artistas internacionales de prestigio que deber\u00e1n cubrir los siguientes g\u00e9neros musicales: pop, rock, banda, reggaet\u00f3n y tropical. Habr\u00e1 un festival de m\u00fasica electr\u00f3nica considerando 1 DJ internacional.<\/p>\n\n\n\n<p>Fechas y horarios: del 23 de abril al 10 de mayo, present\u00e1ndose un artista, en un horario aproximado de inicio de las 21:30 horas.<\/p>\n\n\n\n<p>ESPECT\u00c1CULO SOBRE HIELO<\/p>\n\n\n\n<p>Las funciones ser\u00e1n de lunes a viernes en horario de 18:00 horas y 20:00 horas;<br>s\u00e1bado, domingo y d\u00edas festivos 16:00 horas, 18:00 horas y 20:00 horas.<\/p>\n\n\n\n<p>La duraci\u00f3n del show ser\u00e1 de 50 minutos y tendr\u00e1 una producci\u00f3n completa con 16 a 20 patinadores internacionales, core\u00f3grafos y entrenadores de los artistas.<\/p>\n\n\n\n<p>ESPECT\u00c1CULO CIRCENSE<\/p>\n\n\n\n<p>Funciones de lunes a viernes en horario de 17:00 horas y 19:00 horas; s\u00e1bado, domingo y d\u00edas festivos 15:00 horas, 17:00 horas y 19:00 horas. Duraci\u00f3n del espect\u00e1culo: 45 minutos con 16 a 20 artistas en escena.<\/p>\n\n\n\n<p>Para la edici\u00f3n 2026 de la Feria de Puebla al menos en la licitaci\u00f3n no est\u00e1 contemplado el tradicional Foro Cultural, donde diversos artistas locales se presentaban, as\u00ed como el Show de Pirotecnia en la apertura, clausura y cinco de mayo.<\/p>\n","protected":false},"excerpt":{"rendered":"<p>La Feria de Puebla se realizar\u00e1 del 23 de abril al 10 de mayo, de acuerdo a la licitaci\u00f3n GEP-SPFA-LPN-004-053\/2026 presentada para la contrataci\u00f3n de servicios por parte del gobierno estatal. Para ello, estar\u00e1 abierta hasta el pr\u00f3ximo 28 de enero, a las 17:00 horas. El 3 de febrero se realizar\u00e1 una junta de aclaraciones [&hellip;]<\/p>\n","protected":false},"author":1,"featured_media":75703,"comment_status":"open","ping_status":"open","sticky":false,"template":"","format":"standard","meta":{"om_disable_all_campaigns":false,"_monsterinsights_skip_tracking":false,"_monsterinsights_sitenote_active":false,"_monsterinsights_sitenote_note":"","_monsterinsights_sitenote_category":0,"footnotes":""},"categories":[3,175],"tags":[],"class_list":["post-75702","post","type-post","status-publish","format-standard","has-post-thumbnail","hentry","category-entretenimiento","category-local"],"amp_enabled":true,"_links":{"self":[{"href":"https:\/\/lahora.mx\/index.php\/wp-json\/wp\/v2\/posts\/75702","targetHints":{"allow":["GET"]}}],"collection":[{"href":"https:\/\/lahora.mx\/index.php\/wp-json\/wp\/v2\/posts"}],"about":[{"href":"https:\/\/lahora.mx\/index.php\/wp-json\/wp\/v2\/types\/post"}],"author":[{"embeddable":true,"href":"https:\/\/lahora.mx\/index.php\/wp-json\/wp\/v2\/users\/1"}],"replies":[{"embeddable":true,"href":"https:\/\/lahora.mx\/index.php\/wp-json\/wp\/v2\/comments?post=75702"}],"version-history":[{"count":1,"href":"https:\/\/lahora.mx\/index.php\/wp-json\/wp\/v2\/posts\/75702\/revisions"}],"predecessor-version":[{"id":75704,"href":"https:\/\/lahora.mx\/index.php\/wp-json\/wp\/v2\/posts\/75702\/revisions\/75704"}],"wp:featuredmedia":[{"embeddable":true,"href":"https:\/\/lahora.mx\/index.php\/wp-json\/wp\/v2\/media\/75703"}],"wp:attachment":[{"href":"https:\/\/lahora.mx\/index.php\/wp-json\/wp\/v2\/media?parent=75702"}],"wp:term":[{"taxonomy":"category","embeddable":true,"href":"https:\/\/lahora.mx\/index.php\/wp-json\/wp\/v2\/categories?post=75702"},{"taxonomy":"post_tag","embeddable":true,"href":"https:\/\/lahora.mx\/index.php\/wp-json\/wp\/v2\/tags?post=75702"}],"curies":[{"name":"wp","href":"https:\/\/api.w.org\/{rel}","templated":true}]}}