{"id":75699,"date":"2026-01-27T21:11:34","date_gmt":"2026-01-27T21:11:34","guid":{"rendered":"https:\/\/lahora.mx\/?p=75699"},"modified":"2026-01-27T21:11:35","modified_gmt":"2026-01-27T21:11:35","slug":"este-miercoles-la-tercera-audiencia-por-muerte-de-mayca-en-la-atlixcayotl","status":"publish","type":"post","link":"https:\/\/lahora.mx\/index.php\/2026\/01\/27\/este-miercoles-la-tercera-audiencia-por-muerte-de-mayca-en-la-atlixcayotl\/","title":{"rendered":"Este mi\u00e9rcoles, la tercera audiencia por muerte de Mayca en la Atlixc\u00e1yotl"},"content":{"rendered":"\n<p>Este mi\u00e9rcoles 28 de enero se llevar\u00e1 a cabo la tercera audiencia contra Luz Mar\u00eda Montiel de la Cruz por la muerte de Mary Carmen \u00c1lvarez (Mayca) el pasado 10 de diciembre en la V\u00eda Atlixc\u00e1yotl.<\/p>\n\n\n\n<p>Las autoridades definir\u00e1n si la presunta responsable queda vinculada a proceso.<\/p>\n\n\n\n<p>Lo anterior se presenta luego de que el pasado 23 de enero se realizara la segunda audiencia en la Casa de Justicia de San Andr\u00e9s Cholula, donde se le imput\u00f3 la muerte de la joven trabajadora bancaria, as\u00ed como de Sandra Paola \u201cN\u201d.<\/p>\n\n\n\n<p>Sus abogados defensores solicitaron la duplicidad del t\u00e9rmino constitucional para buscar pruebas que deslinden a Luz Mar\u00eda, por lo que el plazo vence este mi\u00e9rcoles 28 de enero.<\/p>\n\n\n\n<p>Cabe se\u00f1alar que al momento, la presunta responsable se encuentra amparada y ello ha evitado su detenci\u00f3n.<\/p>\n\n\n\n<p>Mariana \u00c1lvarez, hermana de Mayca, cont\u00f3 que en la segunda audiencia dieron a conocer detalles del choque provocado por el exceso de velocidad al que conduc\u00eda Luz Mar\u00eda.<\/p>\n\n\n\n<p>En entrevista radiof\u00f3nica relat\u00f3 que ella y su familia conocen los videos de la tragedia. Pudieron observar c\u00f3mo Luz Mar\u00eda conduc\u00eda el veh\u00edculo (Volkswagen Golf negro) con exceso de velocidad, 143 kil\u00f3metros\/hora, en el carril derecho de baja velocidad en la Atlixc\u00e1yotl a la altura de V\u00eda San \u00c1ngel. Ella impact\u00f3 a una camioneta roja marca JAC, ambos veh\u00edculos giraron, y fue cuando esa camioneta roja atropell\u00f3 a Mayca.<\/p>\n\n\n\n<p>Agreg\u00f3 que testimonios de los j\u00f3venes que iban en el Golf contaron que pidieron a Luz Mar\u00eda bajar la velocidad, pero no atendi\u00f3 el llamado, adem\u00e1s de que llevaba m\u00fasica a alto volumen.<\/p>\n\n\n\n<p>La hermana de Mayca dio a conocer que seguir\u00e1n el proceso hasta el final contra la responsable.<\/p>\n","protected":false},"excerpt":{"rendered":"<p>Este mi\u00e9rcoles 28 de enero se llevar\u00e1 a cabo la tercera audiencia contra Luz Mar\u00eda Montiel de la Cruz por la muerte de Mary Carmen \u00c1lvarez (Mayca) el pasado 10 de diciembre en la V\u00eda Atlixc\u00e1yotl. Las autoridades definir\u00e1n si la presunta responsable queda vinculada a proceso. Lo anterior se presenta luego de que el [&hellip;]<\/p>\n","protected":false},"author":1,"featured_media":75700,"comment_status":"open","ping_status":"open","sticky":false,"template":"","format":"standard","meta":{"om_disable_all_campaigns":false,"_monsterinsights_skip_tracking":false,"_monsterinsights_sitenote_active":false,"_monsterinsights_sitenote_note":"","_monsterinsights_sitenote_category":0,"footnotes":""},"categories":[175,226],"tags":[],"class_list":["post-75699","post","type-post","status-publish","format-standard","has-post-thumbnail","hentry","category-local","category-policia"],"amp_enabled":true,"_links":{"self":[{"href":"https:\/\/lahora.mx\/index.php\/wp-json\/wp\/v2\/posts\/75699","targetHints":{"allow":["GET"]}}],"collection":[{"href":"https:\/\/lahora.mx\/index.php\/wp-json\/wp\/v2\/posts"}],"about":[{"href":"https:\/\/lahora.mx\/index.php\/wp-json\/wp\/v2\/types\/post"}],"author":[{"embeddable":true,"href":"https:\/\/lahora.mx\/index.php\/wp-json\/wp\/v2\/users\/1"}],"replies":[{"embeddable":true,"href":"https:\/\/lahora.mx\/index.php\/wp-json\/wp\/v2\/comments?post=75699"}],"version-history":[{"count":1,"href":"https:\/\/lahora.mx\/index.php\/wp-json\/wp\/v2\/posts\/75699\/revisions"}],"predecessor-version":[{"id":75701,"href":"https:\/\/lahora.mx\/index.php\/wp-json\/wp\/v2\/posts\/75699\/revisions\/75701"}],"wp:featuredmedia":[{"embeddable":true,"href":"https:\/\/lahora.mx\/index.php\/wp-json\/wp\/v2\/media\/75700"}],"wp:attachment":[{"href":"https:\/\/lahora.mx\/index.php\/wp-json\/wp\/v2\/media?parent=75699"}],"wp:term":[{"taxonomy":"category","embeddable":true,"href":"https:\/\/lahora.mx\/index.php\/wp-json\/wp\/v2\/categories?post=75699"},{"taxonomy":"post_tag","embeddable":true,"href":"https:\/\/lahora.mx\/index.php\/wp-json\/wp\/v2\/tags?post=75699"}],"curies":[{"name":"wp","href":"https:\/\/api.w.org\/{rel}","templated":true}]}}