{"id":75693,"date":"2026-01-27T21:07:08","date_gmt":"2026-01-27T21:07:08","guid":{"rendered":"https:\/\/lahora.mx\/?p=75693"},"modified":"2026-01-27T21:07:09","modified_gmt":"2026-01-27T21:07:09","slug":"la-buap-celebra-semana-de-la-biologia-2026","status":"publish","type":"post","link":"https:\/\/lahora.mx\/index.php\/2026\/01\/27\/la-buap-celebra-semana-de-la-biologia-2026\/","title":{"rendered":"La BUAP celebra Semana de la Biolog\u00eda 2026"},"content":{"rendered":"\n<p>Con actividades culturales, cient\u00edficas, talleres, exposiciones y conferencias se llevar\u00e1 a cabo la Semana de la Biolog\u00eda, del 26 al 30 de enero en las instalaciones de la Facultad de Ciencias Biol\u00f3gicas de la BUAP.<\/p>\n\n\n\n<p>Entre los talleres que se impartir\u00e1n destacan ornitolog\u00eda, m\u00e9todos de trampeo para monitoreo biol\u00f3gico, biodiversidad en CU y CU2, Biolog\u00eda computacional, peces viv\u00edparos y sus par\u00e1sitos, entre otras actividades programadas en laboratorios microbiol\u00f3gicos.<\/p>\n\n\n\n<p>\u201cTodo bi\u00f3logo ama todas las expresiones de la vida, desde lo molecular hasta la ecol\u00f3gica. El campo de acci\u00f3n de esta disciplina cuenta con diferentes nichos de aprendizaje donde nuestros estudiantes se involucran\u201d, se\u00f1al\u00f3 la Dra. Dolores L\u00f3pez Morales, directora de la Facultad de Ciencias Biol\u00f3gicas.<\/p>\n","protected":false},"excerpt":{"rendered":"<p>Con actividades culturales, cient\u00edficas, talleres, exposiciones y conferencias se llevar\u00e1 a cabo la Semana de la Biolog\u00eda, del 26 al 30 de enero en las instalaciones de la Facultad de Ciencias Biol\u00f3gicas de la BUAP. Entre los talleres que se impartir\u00e1n destacan ornitolog\u00eda, m\u00e9todos de trampeo para monitoreo biol\u00f3gico, biodiversidad en CU y CU2, Biolog\u00eda [&hellip;]<\/p>\n","protected":false},"author":1,"featured_media":75694,"comment_status":"open","ping_status":"open","sticky":false,"template":"","format":"standard","meta":{"om_disable_all_campaigns":false,"_monsterinsights_skip_tracking":false,"_monsterinsights_sitenote_active":false,"_monsterinsights_sitenote_note":"","_monsterinsights_sitenote_category":0,"footnotes":""},"categories":[175],"tags":[186,223],"class_list":["post-75693","post","type-post","status-publish","format-standard","has-post-thumbnail","hentry","category-local","tag-buap","tag-puebla"],"amp_enabled":true,"_links":{"self":[{"href":"https:\/\/lahora.mx\/index.php\/wp-json\/wp\/v2\/posts\/75693","targetHints":{"allow":["GET"]}}],"collection":[{"href":"https:\/\/lahora.mx\/index.php\/wp-json\/wp\/v2\/posts"}],"about":[{"href":"https:\/\/lahora.mx\/index.php\/wp-json\/wp\/v2\/types\/post"}],"author":[{"embeddable":true,"href":"https:\/\/lahora.mx\/index.php\/wp-json\/wp\/v2\/users\/1"}],"replies":[{"embeddable":true,"href":"https:\/\/lahora.mx\/index.php\/wp-json\/wp\/v2\/comments?post=75693"}],"version-history":[{"count":1,"href":"https:\/\/lahora.mx\/index.php\/wp-json\/wp\/v2\/posts\/75693\/revisions"}],"predecessor-version":[{"id":75695,"href":"https:\/\/lahora.mx\/index.php\/wp-json\/wp\/v2\/posts\/75693\/revisions\/75695"}],"wp:featuredmedia":[{"embeddable":true,"href":"https:\/\/lahora.mx\/index.php\/wp-json\/wp\/v2\/media\/75694"}],"wp:attachment":[{"href":"https:\/\/lahora.mx\/index.php\/wp-json\/wp\/v2\/media?parent=75693"}],"wp:term":[{"taxonomy":"category","embeddable":true,"href":"https:\/\/lahora.mx\/index.php\/wp-json\/wp\/v2\/categories?post=75693"},{"taxonomy":"post_tag","embeddable":true,"href":"https:\/\/lahora.mx\/index.php\/wp-json\/wp\/v2\/tags?post=75693"}],"curies":[{"name":"wp","href":"https:\/\/api.w.org\/{rel}","templated":true}]}}