{"id":75681,"date":"2026-01-27T20:59:23","date_gmt":"2026-01-27T20:59:23","guid":{"rendered":"https:\/\/lahora.mx\/?p=75681"},"modified":"2026-01-27T20:59:24","modified_gmt":"2026-01-27T20:59:24","slug":"ampliaran-red-de-pago-de-ruta-a-comercios-establecidos","status":"publish","type":"post","link":"https:\/\/lahora.mx\/index.php\/2026\/01\/27\/ampliaran-red-de-pago-de-ruta-a-comercios-establecidos\/","title":{"rendered":"Ampliar\u00e1n red de pago de RUTA a comercios establecidos"},"content":{"rendered":"\n<ul class=\"wp-block-list\">\n<li>Carreteras de Cuota Puebla dio a conocer el desarrollo de un proyecto para integrar la venta y el abono de saldo de las tarjetas de la Red Urbana de Transporte Articulado (RUTA) en establecimientos comerciales.<\/li>\n<\/ul>\n\n\n\n<p>La medida busca diversificar las opciones de pago externo a las estaciones del sistema para los usuarios, luego de que se lanzara una campa\u00f1a intensiva para incentivar el uso del pago electr\u00f3nico.<br>En entrevista, la titular del organismo en Puebla, Norma Lay\u00f3n Aarun, mencion\u00f3 que la implementaci\u00f3n t\u00e9cnica permitir\u00e1 que las tiendas de conveniencia funcionen como centros de atenci\u00f3n log\u00edstica para el usuario.<\/p>\n\n\n\n<p>\u00abEstamos trabajando en la posibilidad de poner los puntos de recarga en tiendas de conveniencia para que todos tengan acceso y la puedan comprar de manera f\u00e1cil en camino a tomar el autob\u00fas\u00bb, agreg\u00f3.<\/p>\n\n\n\n<p>A diferencia de las recargas de tiempo aire para telefon\u00eda m\u00f3vil, explic\u00f3 que el esquema planteado por la autoridad contempla la disponibilidad de pl\u00e1sticos nuevos en los puntos de venta externos.<\/p>\n\n\n\n<p>La directora coment\u00f3 que el sistema de busca optimizar el flujo de pasajeros en las terminales y garantizar que el acceso al servicio de transporte articulado sea factible desde puntos perif\u00e9ricos a la red de carriles confinados.<\/p>\n\n\n\n<p>Los detalles sobre las cadenas comerciales que formar\u00e1n parte de este convenio se dar\u00e1n a conocer al finalizar la etapa de pruebas t\u00e9cnicas, ya que hasta el momento no hay fechas para ponerlo en marcha.<\/p>\n","protected":false},"excerpt":{"rendered":"<p>La medida busca diversificar las opciones de pago externo a las estaciones del sistema para los usuarios, luego de que se lanzara una campa\u00f1a intensiva para incentivar el uso del pago electr\u00f3nico.En entrevista, la titular del organismo en Puebla, Norma Lay\u00f3n Aarun, mencion\u00f3 que la implementaci\u00f3n t\u00e9cnica permitir\u00e1 que las tiendas de conveniencia funcionen como [&hellip;]<\/p>\n","protected":false},"author":1,"featured_media":75682,"comment_status":"open","ping_status":"open","sticky":false,"template":"","format":"standard","meta":{"om_disable_all_campaigns":false,"_monsterinsights_skip_tracking":false,"_monsterinsights_sitenote_active":false,"_monsterinsights_sitenote_note":"","_monsterinsights_sitenote_category":0,"footnotes":""},"categories":[175],"tags":[239,195,223],"class_list":["post-75681","post","type-post","status-publish","format-standard","has-post-thumbnail","hentry","category-local","tag-gobierno","tag-principal","tag-puebla"],"amp_enabled":true,"_links":{"self":[{"href":"https:\/\/lahora.mx\/index.php\/wp-json\/wp\/v2\/posts\/75681","targetHints":{"allow":["GET"]}}],"collection":[{"href":"https:\/\/lahora.mx\/index.php\/wp-json\/wp\/v2\/posts"}],"about":[{"href":"https:\/\/lahora.mx\/index.php\/wp-json\/wp\/v2\/types\/post"}],"author":[{"embeddable":true,"href":"https:\/\/lahora.mx\/index.php\/wp-json\/wp\/v2\/users\/1"}],"replies":[{"embeddable":true,"href":"https:\/\/lahora.mx\/index.php\/wp-json\/wp\/v2\/comments?post=75681"}],"version-history":[{"count":1,"href":"https:\/\/lahora.mx\/index.php\/wp-json\/wp\/v2\/posts\/75681\/revisions"}],"predecessor-version":[{"id":75683,"href":"https:\/\/lahora.mx\/index.php\/wp-json\/wp\/v2\/posts\/75681\/revisions\/75683"}],"wp:featuredmedia":[{"embeddable":true,"href":"https:\/\/lahora.mx\/index.php\/wp-json\/wp\/v2\/media\/75682"}],"wp:attachment":[{"href":"https:\/\/lahora.mx\/index.php\/wp-json\/wp\/v2\/media?parent=75681"}],"wp:term":[{"taxonomy":"category","embeddable":true,"href":"https:\/\/lahora.mx\/index.php\/wp-json\/wp\/v2\/categories?post=75681"},{"taxonomy":"post_tag","embeddable":true,"href":"https:\/\/lahora.mx\/index.php\/wp-json\/wp\/v2\/tags?post=75681"}],"curies":[{"name":"wp","href":"https:\/\/api.w.org\/{rel}","templated":true}]}}