{"id":75654,"date":"2026-01-27T15:44:23","date_gmt":"2026-01-27T15:44:23","guid":{"rendered":"https:\/\/lahora.mx\/?p=75654"},"modified":"2026-01-27T15:44:24","modified_gmt":"2026-01-27T15:44:24","slug":"ante-criticas-rosario-piedra-ibarra-rinde-informe-al-frente-del-cndh","status":"publish","type":"post","link":"https:\/\/lahora.mx\/index.php\/2026\/01\/27\/ante-criticas-rosario-piedra-ibarra-rinde-informe-al-frente-del-cndh\/","title":{"rendered":"Ante criticas Rosario Piedra Ibarra rinde informe al frente del CNDH"},"content":{"rendered":"\n<p>Durante la presentaci\u00f3n del informe de la Comisi\u00f3n Nacional de los Derechos Humanos ante la Comisi\u00f3n Permanente del Congreso de la Uni\u00f3n, la oposici\u00f3n lanz\u00f3 fuertes cr\u00edticas contra su presidenta, Rosario Piedra Ibarra, al acusar al organismo de mantenerse distante frente a problem\u00e1ticas graves como desapariciones forzadas, homicidios y agresiones sexuales.<\/p>\n\n\n\n<p>Ante estos se\u00f1alamientos, Piedra Ibarra rechaz\u00f3 que la CNDH haya dado la espalda a la sociedad y asegur\u00f3 que el organismo mantiene atenci\u00f3n permanente a las v\u00edctimas. Subray\u00f3 que no existe un solo caso desatendido y record\u00f3 que la funci\u00f3n central de la Comisi\u00f3n es emitir recomendaciones a las autoridades correspondientes.<br>Durante su intervenci\u00f3n, la titular de la CNDH tambi\u00e9n se refiri\u00f3 a lo que calific\u00f3 como discursos reiterados que, a su juicio, ignoran no solo el contenido del informe presentado, sino la voz de la ciudadan\u00eda. Se\u00f1al\u00f3 que estas narrativas no escuchan al pueblo, lo que consider\u00f3 una omisi\u00f3n a\u00fan m\u00e1s grave.<\/p>\n\n\n\n<p>Al concluir la sesi\u00f3n, la presidenta de la Comisi\u00f3n Permanente del Congreso expres\u00f3 su postura a favor de una Comisi\u00f3n Nacional de los Derechos Humanos que mantenga una actitud cr\u00edtica frente al poder y que act\u00fae como un contrapeso institucional en la defensa de las garant\u00edas fundamentales.<\/p>\n","protected":false},"excerpt":{"rendered":"<p>Durante la presentaci\u00f3n del informe de la Comisi\u00f3n Nacional de los Derechos Humanos ante la Comisi\u00f3n Permanente del Congreso de la Uni\u00f3n, la oposici\u00f3n lanz\u00f3 fuertes cr\u00edticas contra su presidenta, Rosario Piedra Ibarra, al acusar al organismo de mantenerse distante frente a problem\u00e1ticas graves como desapariciones forzadas, homicidios y agresiones sexuales. Ante estos se\u00f1alamientos, Piedra [&hellip;]<\/p>\n","protected":false},"author":1,"featured_media":75655,"comment_status":"open","ping_status":"open","sticky":false,"template":"","format":"standard","meta":{"om_disable_all_campaigns":false,"_monsterinsights_skip_tracking":false,"_monsterinsights_sitenote_active":false,"_monsterinsights_sitenote_note":"","_monsterinsights_sitenote_category":0,"footnotes":""},"categories":[176],"tags":[],"class_list":["post-75654","post","type-post","status-publish","format-standard","has-post-thumbnail","hentry","category-nacional"],"amp_enabled":true,"_links":{"self":[{"href":"https:\/\/lahora.mx\/index.php\/wp-json\/wp\/v2\/posts\/75654","targetHints":{"allow":["GET"]}}],"collection":[{"href":"https:\/\/lahora.mx\/index.php\/wp-json\/wp\/v2\/posts"}],"about":[{"href":"https:\/\/lahora.mx\/index.php\/wp-json\/wp\/v2\/types\/post"}],"author":[{"embeddable":true,"href":"https:\/\/lahora.mx\/index.php\/wp-json\/wp\/v2\/users\/1"}],"replies":[{"embeddable":true,"href":"https:\/\/lahora.mx\/index.php\/wp-json\/wp\/v2\/comments?post=75654"}],"version-history":[{"count":1,"href":"https:\/\/lahora.mx\/index.php\/wp-json\/wp\/v2\/posts\/75654\/revisions"}],"predecessor-version":[{"id":75656,"href":"https:\/\/lahora.mx\/index.php\/wp-json\/wp\/v2\/posts\/75654\/revisions\/75656"}],"wp:featuredmedia":[{"embeddable":true,"href":"https:\/\/lahora.mx\/index.php\/wp-json\/wp\/v2\/media\/75655"}],"wp:attachment":[{"href":"https:\/\/lahora.mx\/index.php\/wp-json\/wp\/v2\/media?parent=75654"}],"wp:term":[{"taxonomy":"category","embeddable":true,"href":"https:\/\/lahora.mx\/index.php\/wp-json\/wp\/v2\/categories?post=75654"},{"taxonomy":"post_tag","embeddable":true,"href":"https:\/\/lahora.mx\/index.php\/wp-json\/wp\/v2\/tags?post=75654"}],"curies":[{"name":"wp","href":"https:\/\/api.w.org\/{rel}","templated":true}]}}