{"id":75648,"date":"2026-01-27T15:38:44","date_gmt":"2026-01-27T15:38:44","guid":{"rendered":"https:\/\/lahora.mx\/?p=75648"},"modified":"2026-01-27T15:38:45","modified_gmt":"2026-01-27T15:38:45","slug":"decision-soberana-envio-de-petroleo-a-cuba-claudia-sheinbaum","status":"publish","type":"post","link":"https:\/\/lahora.mx\/index.php\/2026\/01\/27\/decision-soberana-envio-de-petroleo-a-cuba-claudia-sheinbaum\/","title":{"rendered":"Decisi\u00f3n soberana, envi\u00f3 de petr\u00f3leo a Cuba Claudia Sheinbaum"},"content":{"rendered":"\n<p>La presidenta Claudia Sheinbaum sostuvo que cualquier determinaci\u00f3n relacionada con los env\u00edos de petr\u00f3leo a Cuba forma parte del ejercicio soberano del Estado mexicano, luego de ser cuestionada sobre la presunta suspensi\u00f3n de cargamentos por parte de Petr\u00f3leos Mexicanos (Pemex).<\/p>\n\n\n\n<p>En medio de versiones que apuntan a una pausa temporal en los env\u00edos, la mandataria subray\u00f3 que tanto las decisiones operativas de Pemex como el apoyo con car\u00e1cter humanitario que M\u00e9xico pueda brindar a otros pa\u00edses no est\u00e1n sujetos a presiones externas. Sus declaraciones se dan en un contexto de tensi\u00f3n diplom\u00e1tica con Estados Unidos.<br>De acuerdo con reportes, el buque Swift Galaxy ten\u00eda previsto cargar crudo a mediados de enero con destino a la isla; sin embargo, la operaci\u00f3n fue retirada del programa log\u00edstico sin que se emitiera una explicaci\u00f3n oficial. La cancelaci\u00f3n aliment\u00f3 versiones sobre una posible reconfiguraci\u00f3n de la estrategia.<\/p>\n\n\n\n<p>Informaci\u00f3n adicional se\u00f1ala que la petrolera habr\u00eda evaluado frenar los env\u00edos ante el riesgo de represalias por parte del entonces presidente estadounidense Donald Trump, incluida la posibilidad de acciones unilaterales. Pese a ello, el gobierno federal reiter\u00f3 que las decisiones energ\u00e9ticas de M\u00e9xico responden a criterios propios y a su marco de soberan\u00eda.<\/p>\n","protected":false},"excerpt":{"rendered":"<p>La presidenta Claudia Sheinbaum sostuvo que cualquier determinaci\u00f3n relacionada con los env\u00edos de petr\u00f3leo a Cuba forma parte del ejercicio soberano del Estado mexicano, luego de ser cuestionada sobre la presunta suspensi\u00f3n de cargamentos por parte de Petr\u00f3leos Mexicanos (Pemex). En medio de versiones que apuntan a una pausa temporal en los env\u00edos, la mandataria [&hellip;]<\/p>\n","protected":false},"author":1,"featured_media":75649,"comment_status":"open","ping_status":"open","sticky":false,"template":"","format":"standard","meta":{"om_disable_all_campaigns":false,"_monsterinsights_skip_tracking":false,"_monsterinsights_sitenote_active":false,"_monsterinsights_sitenote_note":"","_monsterinsights_sitenote_category":0,"footnotes":""},"categories":[176],"tags":[195],"class_list":["post-75648","post","type-post","status-publish","format-standard","has-post-thumbnail","hentry","category-nacional","tag-principal"],"amp_enabled":true,"_links":{"self":[{"href":"https:\/\/lahora.mx\/index.php\/wp-json\/wp\/v2\/posts\/75648","targetHints":{"allow":["GET"]}}],"collection":[{"href":"https:\/\/lahora.mx\/index.php\/wp-json\/wp\/v2\/posts"}],"about":[{"href":"https:\/\/lahora.mx\/index.php\/wp-json\/wp\/v2\/types\/post"}],"author":[{"embeddable":true,"href":"https:\/\/lahora.mx\/index.php\/wp-json\/wp\/v2\/users\/1"}],"replies":[{"embeddable":true,"href":"https:\/\/lahora.mx\/index.php\/wp-json\/wp\/v2\/comments?post=75648"}],"version-history":[{"count":1,"href":"https:\/\/lahora.mx\/index.php\/wp-json\/wp\/v2\/posts\/75648\/revisions"}],"predecessor-version":[{"id":75650,"href":"https:\/\/lahora.mx\/index.php\/wp-json\/wp\/v2\/posts\/75648\/revisions\/75650"}],"wp:featuredmedia":[{"embeddable":true,"href":"https:\/\/lahora.mx\/index.php\/wp-json\/wp\/v2\/media\/75649"}],"wp:attachment":[{"href":"https:\/\/lahora.mx\/index.php\/wp-json\/wp\/v2\/media?parent=75648"}],"wp:term":[{"taxonomy":"category","embeddable":true,"href":"https:\/\/lahora.mx\/index.php\/wp-json\/wp\/v2\/categories?post=75648"},{"taxonomy":"post_tag","embeddable":true,"href":"https:\/\/lahora.mx\/index.php\/wp-json\/wp\/v2\/tags?post=75648"}],"curies":[{"name":"wp","href":"https:\/\/api.w.org\/{rel}","templated":true}]}}