{"id":75645,"date":"2026-01-27T15:37:12","date_gmt":"2026-01-27T15:37:12","guid":{"rendered":"https:\/\/lahora.mx\/?p=75645"},"modified":"2026-01-27T15:37:13","modified_gmt":"2026-01-27T15:37:13","slug":"cnpc-emite-recomendaciones-por-rachas-de-viento-de-110-km-h-y-lluvias-muy-fuertes","status":"publish","type":"post","link":"https:\/\/lahora.mx\/index.php\/2026\/01\/27\/cnpc-emite-recomendaciones-por-rachas-de-viento-de-110-km-h-y-lluvias-muy-fuertes\/","title":{"rendered":"CNPC emite recomendaciones por rachas de viento de 110 km\/h y lluvias muy fuertes"},"content":{"rendered":"\n<p>La Coordinaci\u00f3n Nacional de Protecci\u00f3n Civil (CNPC), de la Secretar\u00eda de Seguridad y Protecci\u00f3n Ciudadana (SSPC) informa que mantiene activos sus protocolos de prevenci\u00f3n y monitoreo permanente ante el pron\u00f3stico emitido por el Servicio Meteorol\u00f3gico Nacional (SMN) para las pr\u00f3ximas 72 horas.<\/p>\n\n\n\n<p>La masa de aire \u00e1rtico asociada al Frente Fr\u00edo N\u00famero 30 continuar\u00e1 provocando chubascos y lluvias fuertes a muy fuertes en el oriente y sureste del pa\u00eds. Simult\u00e1neamente persistir\u00e1 el evento de Norte con intensidad cr\u00edtica registrando rachas de viento de 90 a 110 km\/h en el Istmo y Golfo de Tehuantepec as\u00ed como de 50 a 70 km\/h en Veracruz y Quintana Roo, mientras que, en la Mesa del Norte y la Mesa Central, incluido el Valle de M\u00e9xico, prevalecer\u00e1 un ambiente de muy fr\u00edo a g\u00e9lido con densos bancos de niebla matutinos.<br>Para este martes se prev\u00e9 lluvias fuertes con puntuales muy fuertes de 50 a 75 mm en las regiones de Los Tuxtlas y Olmeca en Veracruz adem\u00e1s de Oaxaca y Chiapas, acompa\u00f1adas por un evento de Norte de 60 a 70 km\/h con rachas intensas de 90 a 110 km\/h en el Istmo y Golfo de Tehuantepec.<\/p>\n\n\n\n<p>Con el fin de salvaguardar la integridad de la poblaci\u00f3n se recomienda asegurar puertas y ventanas, retirar de azoteas y balcones cualquier objeto que pueda desprenderse y convertirse en un proyectil peligroso. Asimismo, se hace un llamado a no transitar cerca de muros endebles o estructuras inestables.<\/p>\n\n\n\n<p>Para quienes circulan por carreteras afectadas por bancos de niebla y suelo mojado se recomienda encender luces intermitentes y reducir la velocidad para evitar accidentes, mientras que ante las bajas temperaturas es vital abrigarse en capas y proteger especialmente a grupos vulnerables para prevenir enfermedades respiratorias.<\/p>\n\n\n\n<p>Se invita a la ciudadan\u00eda a informarse a trav\u00e9s de los canales oficiales de la CNPC y la Conagua, y atender las indicaciones de las autoridades locales.<\/p>\n","protected":false},"excerpt":{"rendered":"<p>La Coordinaci\u00f3n Nacional de Protecci\u00f3n Civil (CNPC), de la Secretar\u00eda de Seguridad y Protecci\u00f3n Ciudadana (SSPC) informa que mantiene activos sus protocolos de prevenci\u00f3n y monitoreo permanente ante el pron\u00f3stico emitido por el Servicio Meteorol\u00f3gico Nacional (SMN) para las pr\u00f3ximas 72 horas. La masa de aire \u00e1rtico asociada al Frente Fr\u00edo N\u00famero 30 continuar\u00e1 provocando [&hellip;]<\/p>\n","protected":false},"author":1,"featured_media":75646,"comment_status":"open","ping_status":"open","sticky":false,"template":"","format":"standard","meta":{"om_disable_all_campaigns":false,"_monsterinsights_skip_tracking":false,"_monsterinsights_sitenote_active":false,"_monsterinsights_sitenote_note":"","_monsterinsights_sitenote_category":0,"footnotes":""},"categories":[175],"tags":[195,223],"class_list":["post-75645","post","type-post","status-publish","format-standard","has-post-thumbnail","hentry","category-local","tag-principal","tag-puebla"],"amp_enabled":true,"_links":{"self":[{"href":"https:\/\/lahora.mx\/index.php\/wp-json\/wp\/v2\/posts\/75645","targetHints":{"allow":["GET"]}}],"collection":[{"href":"https:\/\/lahora.mx\/index.php\/wp-json\/wp\/v2\/posts"}],"about":[{"href":"https:\/\/lahora.mx\/index.php\/wp-json\/wp\/v2\/types\/post"}],"author":[{"embeddable":true,"href":"https:\/\/lahora.mx\/index.php\/wp-json\/wp\/v2\/users\/1"}],"replies":[{"embeddable":true,"href":"https:\/\/lahora.mx\/index.php\/wp-json\/wp\/v2\/comments?post=75645"}],"version-history":[{"count":1,"href":"https:\/\/lahora.mx\/index.php\/wp-json\/wp\/v2\/posts\/75645\/revisions"}],"predecessor-version":[{"id":75647,"href":"https:\/\/lahora.mx\/index.php\/wp-json\/wp\/v2\/posts\/75645\/revisions\/75647"}],"wp:featuredmedia":[{"embeddable":true,"href":"https:\/\/lahora.mx\/index.php\/wp-json\/wp\/v2\/media\/75646"}],"wp:attachment":[{"href":"https:\/\/lahora.mx\/index.php\/wp-json\/wp\/v2\/media?parent=75645"}],"wp:term":[{"taxonomy":"category","embeddable":true,"href":"https:\/\/lahora.mx\/index.php\/wp-json\/wp\/v2\/categories?post=75645"},{"taxonomy":"post_tag","embeddable":true,"href":"https:\/\/lahora.mx\/index.php\/wp-json\/wp\/v2\/tags?post=75645"}],"curies":[{"name":"wp","href":"https:\/\/api.w.org\/{rel}","templated":true}]}}