{"id":7564,"date":"2022-05-31T17:14:55","date_gmt":"2022-05-31T17:14:55","guid":{"rendered":"http:\/\/lahora.mx\/?p=7564"},"modified":"2022-05-31T17:14:58","modified_gmt":"2022-05-31T17:14:58","slug":"con-la-red-bull-hasta-2024-anuncia-checo-perez","status":"publish","type":"post","link":"https:\/\/lahora.mx\/index.php\/2022\/05\/31\/con-la-red-bull-hasta-2024-anuncia-checo-perez\/","title":{"rendered":"Con la Red Bull hasta 2024 anuncia Checo P\u00e9rez"},"content":{"rendered":"\n<p>Casi dos d\u00edas despu\u00e9s de su victoria en el Gran Premio de M\u00f3naco,<strong>\u00a0Sergio \u2018Checo\u2019 P\u00e9rez anunci\u00f3 que continuar\u00e1 como piloto de la escuder\u00eda Red Bull hasta el a\u00f1o 2024.<\/strong><br>De igual modo,\u00a0<strong>Red Bull anunci\u00f3 la renovaci\u00f3n del piloto mexicano<\/strong>\u00a0que fue pieza clave para conseguir el t\u00edtulo por equipos del a\u00f1o pasado y en la consagraci\u00f3n de Max Verstappen en el campeonato de pilotos.<br>En 2022,\u00a0<strong>\u2018Checo\u2019 P\u00e9rez vive la mejor temporada de su carrera en F\u00f3rmula 1<\/strong>, \u00a0pues ya hilvan\u00f3 cuatro podios consecutivos y acumula 190 unidades para colocarse en el cuarto puesto del campeonato de pilotos.<\/p>\n","protected":false},"excerpt":{"rendered":"<p>Casi dos d\u00edas despu\u00e9s de su victoria en el Gran Premio de M\u00f3naco,\u00a0Sergio \u2018Checo\u2019 P\u00e9rez anunci\u00f3 que continuar\u00e1 como piloto de la escuder\u00eda Red Bull hasta el a\u00f1o 2024.De igual modo,\u00a0Red Bull anunci\u00f3 la renovaci\u00f3n del piloto mexicano\u00a0que fue pieza clave para conseguir el t\u00edtulo por equipos del a\u00f1o pasado y en la consagraci\u00f3n de [&hellip;]<\/p>\n","protected":false},"author":4,"featured_media":0,"comment_status":"open","ping_status":"open","sticky":false,"template":"","format":"standard","meta":{"om_disable_all_campaigns":false,"_monsterinsights_skip_tracking":false,"_monsterinsights_sitenote_active":false,"_monsterinsights_sitenote_note":"","_monsterinsights_sitenote_category":0,"footnotes":""},"categories":[176],"tags":[142],"class_list":["post-7564","post","type-post","status-publish","format-standard","hentry","category-nacional","tag-sports"],"amp_enabled":true,"_links":{"self":[{"href":"https:\/\/lahora.mx\/index.php\/wp-json\/wp\/v2\/posts\/7564","targetHints":{"allow":["GET"]}}],"collection":[{"href":"https:\/\/lahora.mx\/index.php\/wp-json\/wp\/v2\/posts"}],"about":[{"href":"https:\/\/lahora.mx\/index.php\/wp-json\/wp\/v2\/types\/post"}],"author":[{"embeddable":true,"href":"https:\/\/lahora.mx\/index.php\/wp-json\/wp\/v2\/users\/4"}],"replies":[{"embeddable":true,"href":"https:\/\/lahora.mx\/index.php\/wp-json\/wp\/v2\/comments?post=7564"}],"version-history":[{"count":1,"href":"https:\/\/lahora.mx\/index.php\/wp-json\/wp\/v2\/posts\/7564\/revisions"}],"predecessor-version":[{"id":7565,"href":"https:\/\/lahora.mx\/index.php\/wp-json\/wp\/v2\/posts\/7564\/revisions\/7565"}],"wp:attachment":[{"href":"https:\/\/lahora.mx\/index.php\/wp-json\/wp\/v2\/media?parent=7564"}],"wp:term":[{"taxonomy":"category","embeddable":true,"href":"https:\/\/lahora.mx\/index.php\/wp-json\/wp\/v2\/categories?post=7564"},{"taxonomy":"post_tag","embeddable":true,"href":"https:\/\/lahora.mx\/index.php\/wp-json\/wp\/v2\/tags?post=7564"}],"curies":[{"name":"wp","href":"https:\/\/api.w.org\/{rel}","templated":true}]}}