{"id":75639,"date":"2026-01-27T01:47:45","date_gmt":"2026-01-27T01:47:45","guid":{"rendered":"https:\/\/lahora.mx\/?p=75639"},"modified":"2026-01-27T01:47:46","modified_gmt":"2026-01-27T01:47:46","slug":"armenta-entrega-nuevos-nombramientos-en-la-secretaria-de-gobernacion-de-puebla","status":"publish","type":"post","link":"https:\/\/lahora.mx\/index.php\/2026\/01\/27\/armenta-entrega-nuevos-nombramientos-en-la-secretaria-de-gobernacion-de-puebla\/","title":{"rendered":"Armenta entrega nuevos nombramientos en la Secretar\u00eda de Gobernaci\u00f3n de Puebla"},"content":{"rendered":"\n<p>El gobernador de Puebla, Alejandro Armenta, entreg\u00f3 nombramientos a nuevos funcionarios que se integran a la Secretar\u00eda de Gobernaci\u00f3n, como parte del fortalecimiento institucional y del trabajo coordinado en la administraci\u00f3n estatal.<\/p>\n\n\n\n<p>Durante el acto, Isauro Rend\u00f3n fue designado Subsecretario de Gobierno; Pablo Salazar asumi\u00f3 el cargo en el \u00e1rea de Prevenci\u00f3n del Delito; Carlos Mart\u00ednez fue nombrado director general de Gobierno; y Jos\u00e9 Carlos Rosas qued\u00f3 al frente de Delegaciones.<br>Esta ma\u00f1ana el mandatario tambi\u00e9n anunci\u00f3 el nombramiento de Daniela Stephanie P\u00e9rez Calder\u00f3n como nueva titular de la Secretar\u00eda de Planeaci\u00f3n, Finanzas y Administraci\u00f3n del estado de Puebla, responsabilidad que asumir\u00e1 formalmente a partir del pr\u00f3ximo 1 de febrero.<\/p>\n","protected":false},"excerpt":{"rendered":"<p>El gobernador de Puebla, Alejandro Armenta, entreg\u00f3 nombramientos a nuevos funcionarios que se integran a la Secretar\u00eda de Gobernaci\u00f3n, como parte del fortalecimiento institucional y del trabajo coordinado en la administraci\u00f3n estatal. Durante el acto, Isauro Rend\u00f3n fue designado Subsecretario de Gobierno; Pablo Salazar asumi\u00f3 el cargo en el \u00e1rea de Prevenci\u00f3n del Delito; Carlos [&hellip;]<\/p>\n","protected":false},"author":1,"featured_media":75640,"comment_status":"open","ping_status":"open","sticky":false,"template":"","format":"standard","meta":{"om_disable_all_campaigns":false,"_monsterinsights_skip_tracking":false,"_monsterinsights_sitenote_active":false,"_monsterinsights_sitenote_note":"","_monsterinsights_sitenote_category":0,"footnotes":""},"categories":[175],"tags":[239,195,223],"class_list":["post-75639","post","type-post","status-publish","format-standard","has-post-thumbnail","hentry","category-local","tag-gobierno","tag-principal","tag-puebla"],"amp_enabled":true,"_links":{"self":[{"href":"https:\/\/lahora.mx\/index.php\/wp-json\/wp\/v2\/posts\/75639","targetHints":{"allow":["GET"]}}],"collection":[{"href":"https:\/\/lahora.mx\/index.php\/wp-json\/wp\/v2\/posts"}],"about":[{"href":"https:\/\/lahora.mx\/index.php\/wp-json\/wp\/v2\/types\/post"}],"author":[{"embeddable":true,"href":"https:\/\/lahora.mx\/index.php\/wp-json\/wp\/v2\/users\/1"}],"replies":[{"embeddable":true,"href":"https:\/\/lahora.mx\/index.php\/wp-json\/wp\/v2\/comments?post=75639"}],"version-history":[{"count":1,"href":"https:\/\/lahora.mx\/index.php\/wp-json\/wp\/v2\/posts\/75639\/revisions"}],"predecessor-version":[{"id":75641,"href":"https:\/\/lahora.mx\/index.php\/wp-json\/wp\/v2\/posts\/75639\/revisions\/75641"}],"wp:featuredmedia":[{"embeddable":true,"href":"https:\/\/lahora.mx\/index.php\/wp-json\/wp\/v2\/media\/75640"}],"wp:attachment":[{"href":"https:\/\/lahora.mx\/index.php\/wp-json\/wp\/v2\/media?parent=75639"}],"wp:term":[{"taxonomy":"category","embeddable":true,"href":"https:\/\/lahora.mx\/index.php\/wp-json\/wp\/v2\/categories?post=75639"},{"taxonomy":"post_tag","embeddable":true,"href":"https:\/\/lahora.mx\/index.php\/wp-json\/wp\/v2\/tags?post=75639"}],"curies":[{"name":"wp","href":"https:\/\/api.w.org\/{rel}","templated":true}]}}