{"id":75624,"date":"2026-01-27T01:00:56","date_gmt":"2026-01-27T01:00:56","guid":{"rendered":"https:\/\/lahora.mx\/?p=75624"},"modified":"2026-01-27T01:00:57","modified_gmt":"2026-01-27T01:00:57","slug":"sandra-cuevas-de-nueva-en-la-polemica-por-su-cercania-con-otro-presunto-delincuente-detenido","status":"publish","type":"post","link":"https:\/\/lahora.mx\/index.php\/2026\/01\/27\/sandra-cuevas-de-nueva-en-la-polemica-por-su-cercania-con-otro-presunto-delincuente-detenido\/","title":{"rendered":"Sandra Cuevas, de nueva en la pol\u00e9mica por su cercan\u00eda con otro presunto delincuente detenido"},"content":{"rendered":"\n<p>La detenci\u00f3n de Benoni \u201cN\u201d , identificado por la Secretar\u00eda de Seguridad Ciudadana (SSC) como presunto generador de violencia en el norte de la capital, reaviv\u00f3 los cuestionamientos sobre los v\u00ednculos de la exalcaldesa de Cuauht\u00e9moc, Sandra Cuevas , con personas investigadas o detenidas por delitos de alto impacto. El operativo se efectu\u00f3 la noche del viernes en Gustavo A. Madero , en el cruce de Eje 4 Norte y avenida Gran Canal , colonia San Pedro El Chico .<\/p>\n\n\n\n<p>De acuerdo con la SSC, los polic\u00edas observaron a dos hombres y una mujer manipulando bolsas de pl\u00e1stico como las utilizadas para la venta de drogas y practicaron una revisi\u00f3n preventiva. En el lugar aseguraron un arma corta , un cargador , siete cartuchos \u00fatiles , 91 dosis de coca\u00edna , 10 bolsitas con marihuana y una bolsa con aproximadamente tres kilogramos del mismo vegetal, adem\u00e1s de dinero en efectivo , dos tel\u00e9fonos celulares , mochilas tipo cangurera y una camioneta color vino . Junto con Benoni \u201cN\u201d, de 41 a\u00f1os , fueron detenidos una mujer de 27 y un hombre de 28 , puestos a disposici\u00f3n del Ministerio P\u00fablico .<br>La dependencia report\u00f3 que el detenido cuenta con ingreso previo al Sistema Penitenciario de la Ciudad de M\u00e9xico por robo agravado . Las indagatorias refieren que los tres \u201cal parecer\u201d forman parte de una c\u00e9lula delictiva generadora de violencia, dedicada a extorsi\u00f3n y venta de droga , y que posiblemente est\u00e1n relacionados con una agresi\u00f3n en la misma demarcaci\u00f3n en la que un hombre perdi\u00f3 la vida.<\/p>\n\n\n\n<p>Tras conocerse la captura, circularon en redes sociales fotograf\u00edas de Cuevas junto a Benoni \u201cN\u201d . Reportes period\u00edsticos sit\u00faan su relaci\u00f3n p\u00fablica el 31 de agosto de 2025 , durante una rodada de motociclistas en el centro de la ciudad, evento en el que el ahora detenido apareci\u00f3 junto a la exalcaldesa y en el que una persona falleci\u00f3 tras ser arrollada por un automovilista. Hasta el cierre de la informaci\u00f3n, Cuevas no hab\u00eda emitido un pronunciamiento formal; Sin embargo, respondi\u00f3 en X a una publicaci\u00f3n de El Financiero que retom\u00f3 esas im\u00e1genes con un breve mensaje: \u201c Am\u00e9 mis axilas \u201d.<\/p>\n\n\n\n<p>El caso se suma a antecedentes que han colocado a la exfuncionaria en el centro de se\u00f1alamientos por su cercan\u00eda con personas investigadas. En septiembre de 2025 , Alejandro \u201cN\u201d , alias \u201cEl Choko\u201d , presunto l\u00edder de \u201cLa Chokiza\u201d , fue detenido en Ecatepec por delitos que incluyen delincuencia organizada , extorsi\u00f3n , portaci\u00f3n de armas , homicidio y despojo . D\u00edas antes, particip\u00f3 de manera visible en la presentaci\u00f3n de la organizaci\u00f3n pol\u00edtica \u201cM\u00e9xico Nuevo, Paz y Futuro\u201d , encabezada por Cuevas. Interrogada entonces sobre su relaci\u00f3n con \u00e9l, declar\u00f3: \u201cSon personas que est\u00e1n trabajando, que son liderazgos; si tienen alg\u00fan tema, que la autoridad lo resuelva, no yo\u201d. Tras su aprehensi\u00f3n, Cuevas reconoci\u00f3 en transmisiones en redes haber tenido una relaci\u00f3n con \u201cEl Choko\u201d y sostuvo que fue ef\u00edmera y que desconoc\u00eda los presuntos delitos.<\/p>\n\n\n\n<p>Otro antecedente es la captura, en octubre de 2025 , de \u00d3scar Giovanni Mata , alias \u201cEl Topo\u201d , exservidor p\u00fablico de la alcald\u00eda Cuauht\u00e9moc durante su administraci\u00f3n, se\u00f1alado como integrante de La Uni\u00f3n Tepito . Seg\u00fan informaci\u00f3n oficial, fue detenido por posesi\u00f3n de narc\u00f3ticos con multas de distribuci\u00f3n y cumpli\u00f3 funciones de coordinaci\u00f3n territorial en diversas colonias.<\/p>\n\n\n\n<p>Pese a la nueva pol\u00e9mica, la SSC no ha informado sobre la apertura de carpetas de investigaci\u00f3n que involucran a Sandra Cuevas ni ha incluido su nombre en los expedientes relativos a estas detenciones.<\/p>\n","protected":false},"excerpt":{"rendered":"<p>La detenci\u00f3n de Benoni \u201cN\u201d , identificado por la Secretar\u00eda de Seguridad Ciudadana (SSC) como presunto generador de violencia en el norte de la capital, reaviv\u00f3 los cuestionamientos sobre los v\u00ednculos de la exalcaldesa de Cuauht\u00e9moc, Sandra Cuevas , con personas investigadas o detenidas por delitos de alto impacto. El operativo se efectu\u00f3 la noche [&hellip;]<\/p>\n","protected":false},"author":1,"featured_media":75625,"comment_status":"open","ping_status":"open","sticky":false,"template":"","format":"standard","meta":{"om_disable_all_campaigns":false,"_monsterinsights_skip_tracking":false,"_monsterinsights_sitenote_active":false,"_monsterinsights_sitenote_note":"","_monsterinsights_sitenote_category":0,"footnotes":""},"categories":[176,226],"tags":[],"class_list":["post-75624","post","type-post","status-publish","format-standard","has-post-thumbnail","hentry","category-nacional","category-policia"],"amp_enabled":true,"_links":{"self":[{"href":"https:\/\/lahora.mx\/index.php\/wp-json\/wp\/v2\/posts\/75624","targetHints":{"allow":["GET"]}}],"collection":[{"href":"https:\/\/lahora.mx\/index.php\/wp-json\/wp\/v2\/posts"}],"about":[{"href":"https:\/\/lahora.mx\/index.php\/wp-json\/wp\/v2\/types\/post"}],"author":[{"embeddable":true,"href":"https:\/\/lahora.mx\/index.php\/wp-json\/wp\/v2\/users\/1"}],"replies":[{"embeddable":true,"href":"https:\/\/lahora.mx\/index.php\/wp-json\/wp\/v2\/comments?post=75624"}],"version-history":[{"count":1,"href":"https:\/\/lahora.mx\/index.php\/wp-json\/wp\/v2\/posts\/75624\/revisions"}],"predecessor-version":[{"id":75626,"href":"https:\/\/lahora.mx\/index.php\/wp-json\/wp\/v2\/posts\/75624\/revisions\/75626"}],"wp:featuredmedia":[{"embeddable":true,"href":"https:\/\/lahora.mx\/index.php\/wp-json\/wp\/v2\/media\/75625"}],"wp:attachment":[{"href":"https:\/\/lahora.mx\/index.php\/wp-json\/wp\/v2\/media?parent=75624"}],"wp:term":[{"taxonomy":"category","embeddable":true,"href":"https:\/\/lahora.mx\/index.php\/wp-json\/wp\/v2\/categories?post=75624"},{"taxonomy":"post_tag","embeddable":true,"href":"https:\/\/lahora.mx\/index.php\/wp-json\/wp\/v2\/tags?post=75624"}],"curies":[{"name":"wp","href":"https:\/\/api.w.org\/{rel}","templated":true}]}}