{"id":75615,"date":"2026-01-24T23:46:12","date_gmt":"2026-01-24T23:46:12","guid":{"rendered":"https:\/\/lahora.mx\/?p=75615"},"modified":"2026-01-26T23:54:49","modified_gmt":"2026-01-26T23:54:49","slug":"alfonso-sanchez-reconoce-y-respalda-la-escuela-municipalista-impulsada-por-la-presidenta-de-morena-luisa-alcalde","status":"publish","type":"post","link":"https:\/\/lahora.mx\/index.php\/2026\/01\/24\/alfonso-sanchez-reconoce-y-respalda-la-escuela-municipalista-impulsada-por-la-presidenta-de-morena-luisa-alcalde\/","title":{"rendered":"Alfonso S\u00e1nchez Reconoce y Respalda La Escuela Municipalista Impulsada por la Presidenta de Morena, Luisa Alcalde"},"content":{"rendered":"\n<p>El presidente municipal de Tlaxcala, Alfonso S\u00e1nchez Garc\u00eda, calific\u00f3 como positiva y necesaria la Escuela Municipalista de Morena, iniciativa impulsada por la dirigente nacional de Morena, Luisa Mar\u00eda Alcalde Luj\u00e1n, al considerar que fortalece la preparaci\u00f3n de los gobiernos locales y contribuye a ofrecer mejores resultados a la ciudadan\u00eda.<\/p>\n\n\n\n<p>Tras participar en el primer d\u00eda del encuentro realizado este fin de semana en el estado de Morelos, donde se reunieron 100 alcaldes y alcaldesas de todo el pa\u00eds, Alfonso S\u00e1nchez Garc\u00eda subray\u00f3 que este ejercicio permiti\u00f3 el intercambio de experiencias, ideas y buenas pr\u00e1cticas entre municipios, en un ambiente de reflexi\u00f3n colectiva sobre los retos del gobierno local y la responsabilidad de ejercer el poder con eficiencia y cercan\u00eda social, todo bajo los preceptos de la Cuarta Transformaci\u00f3n.<\/p>\n\n\n\n<p>El alcalde capitalino se\u00f1al\u00f3 que durante la Escuela Municipalista se reforzaron conocimientos clave en planeaci\u00f3n municipal, finanzas p\u00fablicas, gesti\u00f3n administrativa y transparencia, \u00e1reas que consider\u00f3 fundamentales para consolidar gobiernos ordenados, eficientes y \u00fatiles para la gente.<\/p>\n\n\n\n<p>A\u00f1adi\u00f3 que muchas de las estrategias abordadas ya se aplican en Tlaxcala, aunque reconoci\u00f3 que la capacitaci\u00f3n continua permite corregir, mejorar y profundizar los procesos de transformaci\u00f3n.<\/p>\n\n\n\n<p>Finalmente, Alfonso S\u00e1nchez Garc\u00eda resalt\u00f3 que este tipo de iniciativas fortalecen el municipalismo y reafirman el rumbo de acciones implementadas en la capital tlaxcalteca, como el programa \u201cMenos escritorio y m\u00e1s territorio\u201d, el cual ha dado resultados positivos.<\/p>\n\n\n\n<p>Asegur\u00f3 que la experiencia compartida en este encuentro permitir\u00e1 reforzar los servicios p\u00fablicos y poner en marcha m\u00e1s herramientas y \u00e1nimo para seguir trabajando en beneficio de las y los ciudadanos de Tlaxcala.<\/p>\n","protected":false},"excerpt":{"rendered":"<p>El presidente municipal de Tlaxcala, Alfonso S\u00e1nchez Garc\u00eda, calific\u00f3 como positiva y necesaria la Escuela Municipalista de Morena, iniciativa impulsada por la dirigente nacional de Morena, Luisa Mar\u00eda Alcalde Luj\u00e1n, al considerar que fortalece la preparaci\u00f3n de los gobiernos locales y contribuye a ofrecer mejores resultados a la ciudadan\u00eda. Tras participar en el primer d\u00eda [&hellip;]<\/p>\n","protected":false},"author":1,"featured_media":75616,"comment_status":"open","ping_status":"open","sticky":false,"template":"","format":"standard","meta":{"om_disable_all_campaigns":false,"_monsterinsights_skip_tracking":false,"_monsterinsights_sitenote_active":false,"_monsterinsights_sitenote_note":"","_monsterinsights_sitenote_category":0,"footnotes":""},"categories":[5],"tags":[239,210],"class_list":["post-75615","post","type-post","status-publish","format-standard","has-post-thumbnail","hentry","category-politica","tag-gobierno","tag-tlaxcala"],"amp_enabled":true,"_links":{"self":[{"href":"https:\/\/lahora.mx\/index.php\/wp-json\/wp\/v2\/posts\/75615","targetHints":{"allow":["GET"]}}],"collection":[{"href":"https:\/\/lahora.mx\/index.php\/wp-json\/wp\/v2\/posts"}],"about":[{"href":"https:\/\/lahora.mx\/index.php\/wp-json\/wp\/v2\/types\/post"}],"author":[{"embeddable":true,"href":"https:\/\/lahora.mx\/index.php\/wp-json\/wp\/v2\/users\/1"}],"replies":[{"embeddable":true,"href":"https:\/\/lahora.mx\/index.php\/wp-json\/wp\/v2\/comments?post=75615"}],"version-history":[{"count":1,"href":"https:\/\/lahora.mx\/index.php\/wp-json\/wp\/v2\/posts\/75615\/revisions"}],"predecessor-version":[{"id":75617,"href":"https:\/\/lahora.mx\/index.php\/wp-json\/wp\/v2\/posts\/75615\/revisions\/75617"}],"wp:featuredmedia":[{"embeddable":true,"href":"https:\/\/lahora.mx\/index.php\/wp-json\/wp\/v2\/media\/75616"}],"wp:attachment":[{"href":"https:\/\/lahora.mx\/index.php\/wp-json\/wp\/v2\/media?parent=75615"}],"wp:term":[{"taxonomy":"category","embeddable":true,"href":"https:\/\/lahora.mx\/index.php\/wp-json\/wp\/v2\/categories?post=75615"},{"taxonomy":"post_tag","embeddable":true,"href":"https:\/\/lahora.mx\/index.php\/wp-json\/wp\/v2\/tags?post=75615"}],"curies":[{"name":"wp","href":"https:\/\/api.w.org\/{rel}","templated":true}]}}