{"id":75599,"date":"2026-01-26T23:00:36","date_gmt":"2026-01-26T23:00:36","guid":{"rendered":"https:\/\/lahora.mx\/?p=75599"},"modified":"2026-01-26T23:00:37","modified_gmt":"2026-01-26T23:00:37","slug":"hasta-despues-del-dia-del-amor-y-la-amistad-portales-seguiran-iluminados-en-san-pedro-cholula","status":"publish","type":"post","link":"https:\/\/lahora.mx\/index.php\/2026\/01\/26\/hasta-despues-del-dia-del-amor-y-la-amistad-portales-seguiran-iluminados-en-san-pedro-cholula\/","title":{"rendered":"Hasta despu\u00e9s del D\u00eda del Amor y la Amistad portales seguir\u00e1n iluminados en San Pedro Cholula"},"content":{"rendered":"\n<p>La iluminaci\u00f3n en el Portal de Cholula seguir\u00e1 hasta despu\u00e9s del 15 de febrero as\u00ed lo dio a conocer la alcaldesa de la ciudad sagrada Tonantzin Fern\u00e1ndez D\u00edaz, quien puntualiz\u00f3 adem\u00e1s se tendr\u00e1 una decoraci\u00f3n alusiva a d\u00eda del Amor y la Amistad.<\/p>\n\n\n\n<p>Precis\u00f3 que esta medida servir\u00e1 adem\u00e1s para impulsar la econom\u00eda de la localidad y se buscar\u00e1 que restauranteros del municipio puedan tener promociones diversas para compartir durante esa fecha.<br><br>Fern\u00e1ndez D\u00edaz no descart\u00f3 la posibilidad de hacer un evento masivo para lograr que en esa fecha se tenga una mayor visita al municipio. Inform\u00f3 que ha sido gracias a peticiones ciudadanas que decidieron mantener la iluminaci\u00f3n en el portal, el cual desde diciembre se coloc\u00f3.<\/p>\n\n\n\n<p>Inform\u00f3 que muchas familias desde el 10 de febrero ya est\u00e1n festejando estas fechas del amor y la amistad y podr\u00e1n acudir a San Pedro Cholula para tener fotos \u00fanicas e inolvidables, ya que se colocar\u00e1 una iluminaci\u00f3n alusiva a la fecha.<\/p>\n","protected":false},"excerpt":{"rendered":"<p>La iluminaci\u00f3n en el Portal de Cholula seguir\u00e1 hasta despu\u00e9s del 15 de febrero as\u00ed lo dio a conocer la alcaldesa de la ciudad sagrada Tonantzin Fern\u00e1ndez D\u00edaz, quien puntualiz\u00f3 adem\u00e1s se tendr\u00e1 una decoraci\u00f3n alusiva a d\u00eda del Amor y la Amistad. Precis\u00f3 que esta medida servir\u00e1 adem\u00e1s para impulsar la econom\u00eda de la [&hellip;]<\/p>\n","protected":false},"author":1,"featured_media":75600,"comment_status":"open","ping_status":"open","sticky":false,"template":"","format":"standard","meta":{"om_disable_all_campaigns":false,"_monsterinsights_skip_tracking":false,"_monsterinsights_sitenote_active":false,"_monsterinsights_sitenote_note":"","_monsterinsights_sitenote_category":0,"footnotes":""},"categories":[175],"tags":[234],"class_list":["post-75599","post","type-post","status-publish","format-standard","has-post-thumbnail","hentry","category-local","tag-cholula"],"amp_enabled":true,"_links":{"self":[{"href":"https:\/\/lahora.mx\/index.php\/wp-json\/wp\/v2\/posts\/75599","targetHints":{"allow":["GET"]}}],"collection":[{"href":"https:\/\/lahora.mx\/index.php\/wp-json\/wp\/v2\/posts"}],"about":[{"href":"https:\/\/lahora.mx\/index.php\/wp-json\/wp\/v2\/types\/post"}],"author":[{"embeddable":true,"href":"https:\/\/lahora.mx\/index.php\/wp-json\/wp\/v2\/users\/1"}],"replies":[{"embeddable":true,"href":"https:\/\/lahora.mx\/index.php\/wp-json\/wp\/v2\/comments?post=75599"}],"version-history":[{"count":1,"href":"https:\/\/lahora.mx\/index.php\/wp-json\/wp\/v2\/posts\/75599\/revisions"}],"predecessor-version":[{"id":75601,"href":"https:\/\/lahora.mx\/index.php\/wp-json\/wp\/v2\/posts\/75599\/revisions\/75601"}],"wp:featuredmedia":[{"embeddable":true,"href":"https:\/\/lahora.mx\/index.php\/wp-json\/wp\/v2\/media\/75600"}],"wp:attachment":[{"href":"https:\/\/lahora.mx\/index.php\/wp-json\/wp\/v2\/media?parent=75599"}],"wp:term":[{"taxonomy":"category","embeddable":true,"href":"https:\/\/lahora.mx\/index.php\/wp-json\/wp\/v2\/categories?post=75599"},{"taxonomy":"post_tag","embeddable":true,"href":"https:\/\/lahora.mx\/index.php\/wp-json\/wp\/v2\/tags?post=75599"}],"curies":[{"name":"wp","href":"https:\/\/api.w.org\/{rel}","templated":true}]}}