{"id":7559,"date":"2022-05-31T16:55:09","date_gmt":"2022-05-31T16:55:09","guid":{"rendered":"http:\/\/lahora.mx\/?p=7559"},"modified":"2022-05-31T16:57:47","modified_gmt":"2022-05-31T16:57:47","slug":"por-su-lucha-contra-vapeadores-y-el-tabaco-la-oms-galardona-a-lopez-obrador","status":"publish","type":"post","link":"https:\/\/lahora.mx\/index.php\/2022\/05\/31\/por-su-lucha-contra-vapeadores-y-el-tabaco-la-oms-galardona-a-lopez-obrador\/","title":{"rendered":"La OMS galardona a L\u00f3pez Obrador por su lucha por la salud"},"content":{"rendered":"\n<p>La Organizaci\u00f3n Mundial de la Salud (OMS) galardon\u00f3 al presidente Andr\u00e9s Manuel L\u00f3pez Obrador con el Premio del D\u00eda Mundial sin Tabaco por su compromiso por la salud.<\/p>\n\n\n\n<p>En el marco del D\u00eda Mundial sin Tabaco, el secretario de Salud (Ssa), Jorge Alcocer, inform\u00f3 que el mandatario recibi\u00f3 este reconocimiento por parte del representante de la OMS, Miguel Malo Serrano, mismo que es especial y s\u00f3lo se entrega a pocos pa\u00edses, personas u organizaciones a los que se les reconocen sus acciones decididas contra el tabaco.<br><\/p>\n\n\n\n<p>Por su parte, el subsecretario de Salud, Hugo L\u00f3pez-Gatell destac\u00f3 los riesgos a la salud que provocan los cigarrillos y electr\u00f3nicos, los cuales en vez de quemar el tabaco para que las personas respiren el humo de \u00e9ste, lo vaporizan en fase s\u00f3lida y emiten vapores de las distintas sustancias adictivas y t\u00f3xicas; o bien, sustraen las sustancias y con un mecanismo electr\u00f3nico los evaporan y causan diversas afectaciones.<\/p>\n\n\n\n<p>\u00abEl tabaco da\u00f1a la salud en todas sus presentaciones, da\u00f1a la salud y puede causar la muerte\u00bb, sostuvo.<br><\/p>\n\n\n\n<p>Explic\u00f3 que en M\u00e9xico hay una proporci\u00f3n de hasta 45 por ciento que conocen de los vapeadores y 6.5 por ciento al menos lo ha probado alguna vez y esto incluye desde los 7 a\u00f1os de edad.<\/p>\n\n\n\n<p>Destac\u00f3 que estos aparatos causan los mismos da\u00f1os a la salud como los productos convencionales y algunos se estos son enfisema pulmonar, asma, infartos del coraz\u00f3n y cerebro,&nbsp;m\u00faltiples c\u00e1nceres, disfunci\u00f3n er\u00e9ctil, entre otros; adem\u00e1s de \u00e9stos, dado que las dosis con cigarrillos electr\u00f3nicos y vapeadores son mayores, de hasta 100 veces, \u00abhay da\u00f1os que no s\u00f3lo tienen que ver con el tabaco sino con metales pesados y otras sustancias\u00bb.<\/p>\n\n\n\n<p><strong>UN RIESGO PARA NI\u00d1AS Y NI\u00d1OS<\/strong><\/p>\n\n\n\n<p>L\u00f3pez-Gatell alert\u00f3 que los vapeadores y cigarrillos electr\u00f3nicos est\u00e1n dise\u00f1ados para atraer la atenci\u00f3n de los menores debido a que ofrecen productos aromatizados o con saborizantes.<\/p>\n\n\n\n<p>As\u00ed, asegur\u00f3 que el objetivo de la industria tabacalera es acercar a ni\u00f1as y ni\u00f1os a estos productos&nbsp;<\/p>\n","protected":false},"excerpt":{"rendered":"<p>La Organizaci\u00f3n Mundial de la Salud (OMS) galardon\u00f3 al presidente Andr\u00e9s Manuel L\u00f3pez Obrador con el Premio del D\u00eda Mundial sin Tabaco por su compromiso por la salud. En el marco del D\u00eda Mundial sin Tabaco, el secretario de Salud (Ssa), Jorge Alcocer, inform\u00f3 que el mandatario recibi\u00f3 este reconocimiento por parte del representante de [&hellip;]<\/p>\n","protected":false},"author":4,"featured_media":7560,"comment_status":"open","ping_status":"open","sticky":false,"template":"","format":"standard","meta":{"om_disable_all_campaigns":false,"_monsterinsights_skip_tracking":false,"_monsterinsights_sitenote_active":false,"_monsterinsights_sitenote_note":"","_monsterinsights_sitenote_category":0,"footnotes":""},"categories":[175],"tags":[],"class_list":["post-7559","post","type-post","status-publish","format-standard","has-post-thumbnail","hentry","category-local"],"amp_enabled":true,"_links":{"self":[{"href":"https:\/\/lahora.mx\/index.php\/wp-json\/wp\/v2\/posts\/7559","targetHints":{"allow":["GET"]}}],"collection":[{"href":"https:\/\/lahora.mx\/index.php\/wp-json\/wp\/v2\/posts"}],"about":[{"href":"https:\/\/lahora.mx\/index.php\/wp-json\/wp\/v2\/types\/post"}],"author":[{"embeddable":true,"href":"https:\/\/lahora.mx\/index.php\/wp-json\/wp\/v2\/users\/4"}],"replies":[{"embeddable":true,"href":"https:\/\/lahora.mx\/index.php\/wp-json\/wp\/v2\/comments?post=7559"}],"version-history":[{"count":2,"href":"https:\/\/lahora.mx\/index.php\/wp-json\/wp\/v2\/posts\/7559\/revisions"}],"predecessor-version":[{"id":7563,"href":"https:\/\/lahora.mx\/index.php\/wp-json\/wp\/v2\/posts\/7559\/revisions\/7563"}],"wp:featuredmedia":[{"embeddable":true,"href":"https:\/\/lahora.mx\/index.php\/wp-json\/wp\/v2\/media\/7560"}],"wp:attachment":[{"href":"https:\/\/lahora.mx\/index.php\/wp-json\/wp\/v2\/media?parent=7559"}],"wp:term":[{"taxonomy":"category","embeddable":true,"href":"https:\/\/lahora.mx\/index.php\/wp-json\/wp\/v2\/categories?post=7559"},{"taxonomy":"post_tag","embeddable":true,"href":"https:\/\/lahora.mx\/index.php\/wp-json\/wp\/v2\/tags?post=7559"}],"curies":[{"name":"wp","href":"https:\/\/api.w.org\/{rel}","templated":true}]}}